{"id":5072,"date":"2022-07-12T18:18:10","date_gmt":"2022-07-12T18:18:10","guid":{"rendered":"https:\/\/wellhomestenerife.com\/what-to-see-in-tenerife-in-4-days\/"},"modified":"2024-02-05T18:39:49","modified_gmt":"2024-02-05T18:39:49","slug":"what-to-see-in-tenerife-in-4-days","status":"publish","type":"post","link":"https:\/\/wellhomestenerife.com\/en\/blog\/what-to-see-in-tenerife-in-4-days\/","title":{"rendered":"What to see in Tenerife in 4 days"},"content":{"rendered":"\t\t<div data-elementor-type=\"wp-post\" data-elementor-id=\"5072\" class=\"elementor elementor-5072 elementor-4989\" data-elementor-post-type=\"post\">\n\t\t\t\t\t\t\t\t\t<section class=\"elementor-section elementor-top-section elementor-element elementor-element-53f7da6 elementor-section-boxed elementor-section-height-default elementor-section-height-default\" data-id=\"53f7da6\" data-element_type=\"section\">\n\t\t\t\t\t\t<div class=\"elementor-container elementor-column-gap-default\">\n\t\t\t\t\t<div class=\"elementor-column elementor-col-50 elementor-top-column elementor-element elementor-element-71edb18\" data-id=\"71edb18\" data-element_type=\"column\">\n\t\t\t<div class=\"elementor-widget-wrap elementor-element-populated\">\n\t\t\t\t\t\t\t\t<div class=\"elementor-element elementor-element-d671eef elementor-widget elementor-widget-spacer\" data-id=\"d671eef\" data-element_type=\"widget\" data-widget_type=\"spacer.default\">\n\t\t\t\t<div class=\"elementor-widget-container\">\n\t\t\t<style>\/*! elementor - v3.15.0 - 02-08-2023 *\/\n.elementor-column .elementor-spacer-inner{height:var(--spacer-size)}.e-con{--container-widget-width:100%}.e-con-inner>.elementor-widget-spacer,.e-con>.elementor-widget-spacer{width:var(--container-widget-width,var(--spacer-size));--align-self:var(--container-widget-align-self,initial);--flex-shrink:0}.e-con-inner>.elementor-widget-spacer>.elementor-widget-container,.e-con-inner>.elementor-widget-spacer>.elementor-widget-container>.elementor-spacer,.e-con>.elementor-widget-spacer>.elementor-widget-container,.e-con>.elementor-widget-spacer>.elementor-widget-container>.elementor-spacer{height:100%}.e-con-inner>.elementor-widget-spacer>.elementor-widget-container>.elementor-spacer>.elementor-spacer-inner,.e-con>.elementor-widget-spacer>.elementor-widget-container>.elementor-spacer>.elementor-spacer-inner{height:var(--container-widget-height,var(--spacer-size))}<\/style>\t\t<div class=\"elementor-spacer\">\n\t\t\t<div class=\"elementor-spacer-inner\"><\/div>\n\t\t<\/div>\n\t\t\t\t<\/div>\n\t\t\t\t<\/div>\n\t\t\t\t<div class=\"elementor-element elementor-element-2975ecc elementor-widget elementor-widget-text-editor\" data-id=\"2975ecc\" data-element_type=\"widget\" data-widget_type=\"text-editor.default\">\n\t\t\t\t<div class=\"elementor-widget-container\">\n\t\t\t<style>\/*! elementor - v3.15.0 - 02-08-2023 *\/\n.elementor-widget-text-editor.elementor-drop-cap-view-stacked .elementor-drop-cap{background-color:#69727d;color:#fff}.elementor-widget-text-editor.elementor-drop-cap-view-framed .elementor-drop-cap{color:#69727d;border:3px solid;background-color:transparent}.elementor-widget-text-editor:not(.elementor-drop-cap-view-default) .elementor-drop-cap{margin-top:8px}.elementor-widget-text-editor:not(.elementor-drop-cap-view-default) .elementor-drop-cap-letter{width:1em;height:1em}.elementor-widget-text-editor .elementor-drop-cap{float:left;text-align:center;line-height:1;font-size:50px}.elementor-widget-text-editor .elementor-drop-cap-letter{display:inline-block}<\/style>\t\t\t\t<p>Are you<strong> traveling to Tenerife<\/strong> and want a complete 4-day plan? We have prepared this guide so that you can see the most important and authentic things on the island.<\/p>\n<p>Tenerife is the largest island in the Canary archipelago and the most populated in Spain. It has many interesting things to see beyond the beaches and its excellent weather, so you will need more than a week to see it all. But if your case is to see it in less time, we propose this<strong> 4-day plan in Tenerife<\/strong> so that you know its variety and do not miss the most important thing.<\/p>\n\t\t\t\t\t\t<\/div>\n\t\t\t\t<\/div>\n\t\t\t\t<div class=\"elementor-element elementor-element-d342a9a elementor-toc--minimized-on-tablet elementor-widget elementor-widget-table-of-contents\" data-id=\"d342a9a\" data-element_type=\"widget\" data-settings=\"{&quot;headings_by_tags&quot;:[&quot;h2&quot;],&quot;marker_view&quot;:&quot;numbers&quot;,&quot;minimize_box&quot;:&quot;yes&quot;,&quot;minimized_on&quot;:&quot;tablet&quot;,&quot;hierarchical_view&quot;:&quot;yes&quot;,&quot;min_height&quot;:{&quot;unit&quot;:&quot;px&quot;,&quot;size&quot;:&quot;&quot;,&quot;sizes&quot;:[]},&quot;min_height_tablet&quot;:{&quot;unit&quot;:&quot;px&quot;,&quot;size&quot;:&quot;&quot;,&quot;sizes&quot;:[]},&quot;min_height_mobile&quot;:{&quot;unit&quot;:&quot;px&quot;,&quot;size&quot;:&quot;&quot;,&quot;sizes&quot;:[]}}\" data-widget_type=\"table-of-contents.default\">\n\t\t\t\t<div class=\"elementor-widget-container\">\n\t\t\t<style>\/*! elementor-pro - v3.15.0 - 31-07-2023 *\/\n.elementor-widget-table-of-contents .elementor-toc__header-title{color:var(--header-color)}.elementor-widget-table-of-contents.elementor-toc--collapsed .elementor-toc__toggle-button--collapse,.elementor-widget-table-of-contents:not(.elementor-toc--collapsed) .elementor-toc__toggle-button--expand{display:none}.elementor-widget-table-of-contents .elementor-widget-container{min-height:var(--box-min-height);border:var(--box-border-width,1px) solid var(--box-border-color,#9da5ae);border-radius:var(--box-border-radius,3px);background-color:var(--box-background-color);transition:min-height .4s;overflow:hidden}.elementor-toc__header{display:flex;align-items:center;justify-content:space-between;padding:var(--box-padding,20px);background-color:var(--header-background-color);border-bottom:var(--separator-width,1px) solid var(--box-border-color,#9da5ae)}.elementor-toc__header-title{font-size:18px;margin:0;color:var(--header-color)}.elementor-toc__toggle-button{cursor:pointer;display:inline-flex}.elementor-toc__toggle-button i{color:var(--toggle-button-color)}.elementor-toc__toggle-button svg{height:1em;width:1em;fill:var(--toggle-button-color)}.elementor-toc__spinner-container{text-align:center}.elementor-toc__spinner{font-size:2em}.elementor-toc__spinner.e-font-icon-svg{height:1em;width:1em}.elementor-toc__body{padding:var(--box-padding,20px);max-height:var(--toc-body-max-height);overflow-y:auto}.elementor-toc__body::-webkit-scrollbar{width:7px}.elementor-toc__body::-webkit-scrollbar-thumb{background-color:#babfc5;border-radius:10px}.elementor-toc__list-wrapper{list-style:none;padding:0}.elementor-toc__list-item{margin-bottom:.5em}.elementor-toc__list-item.elementor-item-active{font-weight:700}.elementor-toc__list-item .elementor-toc__list-wrapper{margin-top:.5em;margin-left:var(--nested-list-indent,1em)}.elementor-toc__list-item-text:hover{color:var(--item-text-hover-color);-webkit-text-decoration:var(--item-text-hover-decoration);text-decoration:var(--item-text-hover-decoration)}.elementor-toc__list-item-text.elementor-item-active{color:var(--item-text-active-color);-webkit-text-decoration:var(--item-text-active-decoration);text-decoration:var(--item-text-active-decoration)}.elementor-toc__list-item-text-wrapper{display:flex;align-items:center}.elementor-toc__list-item-text-wrapper:before,.elementor-toc__list-item-text-wrapper i{margin-right:8px;color:var(--marker-color)}.elementor-toc__list-item-text-wrapper svg{margin-right:8px;fill:var(--marker-color);height:var(--marker-size,.5em);width:var(--marker-size,.5em)}.elementor-toc__list-item-text-wrapper i{font-size:var(--marker-size,.5em)}.elementor-toc__list-item-text-wrapper:before{font-size:var(--marker-size,1em)}.elementor-toc--content-ellipsis .elementor-toc__list-item-text{white-space:nowrap;overflow:hidden;text-overflow:ellipsis}.elementor-toc__list-items--collapsible>.elementor-toc__list-wrapper>.elementor-toc__list-item>.elementor-toc__list-wrapper{display:none}.elementor-toc__heading-anchor{position:absolute}.elementor-toc__body .elementor-toc__list-item-text{color:var(--item-text-color);-webkit-text-decoration:var(--item-text-decoration);text-decoration:var(--item-text-decoration)}.elementor-toc__body .elementor-toc__list-item-text:hover{color:var(--item-text-hover-color);-webkit-text-decoration:var(--item-text-hover-decoration);text-decoration:var(--item-text-hover-decoration)}.elementor-toc__body .elementor-toc__list-item-text.elementor-item-active{color:var(--item-text-active-color);-webkit-text-decoration:var(--item-text-active-decoration);text-decoration:var(--item-text-active-decoration)}ol.elementor-toc__list-wrapper{counter-reset:item}ol.elementor-toc__list-wrapper .elementor-toc__list-item{counter-increment:item}ol.elementor-toc__list-wrapper .elementor-toc__list-item-text-wrapper:before{content:counters(item,\".\") \". \"}<\/style>\t\t<div class=\"elementor-toc__header\" aria-controls=\"elementor-toc__body\">\n\t\t\t<h4 class=\"elementor-toc__header-title\">\n\t\t\t\tTable of Contents\t\t\t<\/h4>\n\t\t\t\t\t\t\t<div class=\"elementor-toc__toggle-button elementor-toc__toggle-button--expand\" role=\"button\" tabindex=\"0\" aria-label=\"Open table of contents\"><i aria-hidden=\"true\" class=\"fas fa-chevron-down\"><\/i><\/div>\n\t\t\t\t<div class=\"elementor-toc__toggle-button elementor-toc__toggle-button--collapse\" role=\"button\" tabindex=\"0\" aria-label=\"Close table of contents\"><i aria-hidden=\"true\" class=\"fas fa-chevron-up\"><\/i><\/div>\n\t\t\t\t\t<\/div>\n\t\t<div class=\"elementor-toc__body\" aria-expanded=\"true\">\n\t\t\t<div class=\"elementor-toc__spinner-container\">\n\t\t\t\t<i class=\"elementor-toc__spinner eicon-animation-spin eicon-loading\" aria-hidden=\"true\"><\/i>\t\t\t<\/div>\n\t\t<\/div>\n\t\t\t\t<\/div>\n\t\t\t\t<\/div>\n\t\t\t\t<div class=\"elementor-element elementor-element-0b2f09e elementor-widget elementor-widget-text-editor\" data-id=\"0b2f09e\" data-element_type=\"widget\" data-widget_type=\"text-editor.default\">\n\t\t\t\t<div class=\"elementor-widget-container\">\n\t\t\t\t\t\t\t<h2>Reasons to travel to Tenerife<\/h2>\n\t\t\t\t\t\t<\/div>\n\t\t\t\t<\/div>\n\t\t\t\t<div class=\"elementor-element elementor-element-3766357 elementor-widget elementor-widget-text-editor\" data-id=\"3766357\" data-element_type=\"widget\" data-widget_type=\"text-editor.default\">\n\t\t\t\t<div class=\"elementor-widget-container\">\n\t\t\t\t\t\t\t<ul>\n<li style=\"font-weight: 400;\" aria-level=\"1\"><span style=\"font-weight: 400;\">22 degrees average annual temperature.\u00a0<\/span><\/li>\n<\/ul>\n<div><span style=\"font-weight: 400;\">\u00a0<\/span><\/div>\n<ul>\n<li aria-level=\"1\"><span style=\"font-weight: 400;\">It has <\/span><b>43 protected spaces<\/b><span style=\"font-weight: 400;\"> They occupy almost half of its territory. Highlights the <\/span><b>Teide National Park,<\/b><span style=\"font-weight: 400;\"> declared a World Heritage Site by UNESCO and at 3,718 metres,<\/span><b> it is the highest peak in Spain<\/b><span style=\"font-weight: 400;\">.\u00a0<\/span><\/li>\n<\/ul>\n<div><span style=\"font-weight: 400;\">\u00a0<\/span><\/div>\n<ul>\n<li style=\"font-weight: 400;\" aria-level=\"1\"><span style=\"font-weight: 400;\">It has a variety of options to enjoy (sea, nature, water activities, hiking, gastronomy&#8230;). It is a very complete island and everything is very close. In less than an hour, you can find different landscapes: from the beach to a Tertiary Era forest or a volcanic landscape.<\/span><\/li>\n<\/ul>\n<div><span style=\"font-weight: 400;\">\u00a0<\/span><\/div>\n<ul>\n<li aria-level=\"1\"><span style=\"font-weight: 400;\">Tenerife is an <\/span><b>exotic place<\/b><span style=\"font-weight: 400;\"> and at the same time, a safe place.\u00a0<\/span><\/li>\n<\/ul>\n<div><span style=\"font-weight: 400;\">\u00a0<\/span><\/div>\n<ul>\n<li aria-level=\"1\"><span style=\"font-weight: 400;\">Its <\/span><b>people are friendly and welcoming <\/b><span style=\"font-weight: 400;\">. Fun is guaranteed in its<\/span><b>popular tradition festivals<\/b><span style=\"font-weight: 400;\">. Beyond the tourist areas, the authenticity of the island is breathed throughout the year in its festivals, rural life, landscapes, music, carnival, architecture, etc..<\/span><\/li>\n<\/ul>\n\t\t\t\t\t\t<\/div>\n\t\t\t\t<\/div>\n\t\t\t\t<div class=\"elementor-element elementor-element-4f4c0e0 elementor-widget elementor-widget-spacer\" data-id=\"4f4c0e0\" data-element_type=\"widget\" data-widget_type=\"spacer.default\">\n\t\t\t\t<div class=\"elementor-widget-container\">\n\t\t\t\t\t<div class=\"elementor-spacer\">\n\t\t\t<div class=\"elementor-spacer-inner\"><\/div>\n\t\t<\/div>\n\t\t\t\t<\/div>\n\t\t\t\t<\/div>\n\t\t\t\t<div class=\"elementor-element elementor-element-60e7e05 elementor-widget elementor-widget-image\" data-id=\"60e7e05\" data-element_type=\"widget\" data-widget_type=\"image.default\">\n\t\t\t\t<div class=\"elementor-widget-container\">\n\t\t\t<style>\/*! elementor - v3.15.0 - 02-08-2023 *\/\n.elementor-widget-image{text-align:center}.elementor-widget-image a{display:inline-block}.elementor-widget-image a img[src$=\".svg\"]{width:48px}.elementor-widget-image img{vertical-align:middle;display:inline-block}<\/style>\t\t\t\t\t\t\t\t\t\t\t\t<img decoding=\"async\" loading=\"lazy\" width=\"800\" height=\"525\" src=\"https:\/\/wellhomestenerife.com\/wp-content\/uploads\/2022\/07\/atradecer-en-tenerife_t20_lRrZmB.jpg\" class=\"attachment-large size-large wp-image-5016\" alt=\"Atardecer en Tenerife\" srcset=\"https:\/\/wellhomestenerife.com\/wp-content\/uploads\/2022\/07\/atradecer-en-tenerife_t20_lRrZmB.jpg 1022w, https:\/\/wellhomestenerife.com\/wp-content\/uploads\/2022\/07\/atradecer-en-tenerife_t20_lRrZmB-300x197.jpg 300w, https:\/\/wellhomestenerife.com\/wp-content\/uploads\/2022\/07\/atradecer-en-tenerife_t20_lRrZmB-768x504.jpg 768w, https:\/\/wellhomestenerife.com\/wp-content\/uploads\/2022\/07\/atradecer-en-tenerife_t20_lRrZmB-600x394.jpg 600w\" sizes=\"(max-width: 800px) 100vw, 800px\" title=\"\">\t\t\t\t\t\t\t\t\t\t\t\t\t\t\t<\/div>\n\t\t\t\t<\/div>\n\t\t\t\t<div class=\"elementor-element elementor-element-f20918c elementor-widget elementor-widget-spacer\" data-id=\"f20918c\" data-element_type=\"widget\" data-widget_type=\"spacer.default\">\n\t\t\t\t<div class=\"elementor-widget-container\">\n\t\t\t\t\t<div class=\"elementor-spacer\">\n\t\t\t<div class=\"elementor-spacer-inner\"><\/div>\n\t\t<\/div>\n\t\t\t\t<\/div>\n\t\t\t\t<\/div>\n\t\t\t\t<div class=\"elementor-element elementor-element-5c3ae22 elementor-widget elementor-widget-text-editor\" data-id=\"5c3ae22\" data-element_type=\"widget\" data-widget_type=\"text-editor.default\">\n\t\t\t\t<div class=\"elementor-widget-container\">\n\t\t\t\t\t\t\t<h2>Day 1. Isla Baja<\/h2>\n\t\t\t\t\t\t<\/div>\n\t\t\t\t<\/div>\n\t\t\t\t<div class=\"elementor-element elementor-element-529226e elementor-widget elementor-widget-text-editor\" data-id=\"529226e\" data-element_type=\"widget\" data-widget_type=\"text-editor.default\">\n\t\t\t\t<div class=\"elementor-widget-container\">\n\t\t\t\t\t\t\t<p>The northwest of Tenerife, known as the Isla Baja, is made up of the municipalities: Buenavista del Norte, Garachico, Los Silos and El Tanque.<\/p>\n<p>Sports, tranquility and contact with nature are constant in this part of the island, especially in the<b> Parque Rural de Teno<\/b>.<\/p>\n<p>Isla Baja is, if not the area of \u200b\u200bthe island with the <b>greater tradition and agricultural activity<\/b>; one of those that stand out among the rest for its rural importance.<\/p>\n\t\t\t\t\t\t<\/div>\n\t\t\t\t<\/div>\n\t\t\t\t<div class=\"elementor-element elementor-element-526dfbb elementor-widget elementor-widget-text-editor\" data-id=\"526dfbb\" data-element_type=\"widget\" data-widget_type=\"text-editor.default\">\n\t\t\t\t<div class=\"elementor-widget-container\">\n\t\t\t\t\t\t\t<h3>Punta de Teno and its enigmatic lighthouse.<\/h3>\n\t\t\t\t\t\t<\/div>\n\t\t\t\t<\/div>\n\t\t\t\t<div class=\"elementor-element elementor-element-872b1aa elementor-widget elementor-widget-text-editor\" data-id=\"872b1aa\" data-element_type=\"widget\" data-widget_type=\"text-editor.default\">\n\t\t\t\t<div class=\"elementor-widget-container\">\n\t\t\t\t\t\t\t<p><span style=\"font-weight: 400;\">For this occasion we recommend you visit this part of the Teno Rural Park.<\/span><\/p>\n<p><span style=\"font-weight: 400;\">Punta de Teno <\/span><span style=\"font-weight: 400;\">is the westernmost point of the island and is nestled between large cliffs, numerous dikes and pythons. <\/span><\/p>\n<p><span style=\"font-weight: 400;\">You will be able to contemplate the contrast between the steep ravines that lead to small beaches, and the large valleys that give rise to Isla Baja and Teno Bajo. This natural area is home to a <\/span><b>great biological diversity<\/b><span style=\"font-weight: 400;\"> and it is a <\/span><b>refuge for some threatened species<\/b> <span style=\"font-weight: 400;\"> and local endemisms.<\/span><\/p>\n\t\t\t\t\t\t<\/div>\n\t\t\t\t<\/div>\n\t\t\t\t<div class=\"elementor-element elementor-element-bbc14c3 elementor-widget elementor-widget-image\" data-id=\"bbc14c3\" data-element_type=\"widget\" data-widget_type=\"image.default\">\n\t\t\t\t<div class=\"elementor-widget-container\">\n\t\t\t\t\t\t\t\t\t\t\t\t<figure class=\"wp-caption\">\n\t\t\t\t\t\t\t\t\t\t<img decoding=\"async\" loading=\"lazy\" width=\"800\" height=\"530\" src=\"https:\/\/wellhomestenerife.com\/wp-content\/uploads\/2022\/07\/Faro-de-Teno-Tenerife.jpg\" class=\"attachment-large size-large wp-image-4992\" alt=\"Faro de la Punta de Teno\" srcset=\"https:\/\/wellhomestenerife.com\/wp-content\/uploads\/2022\/07\/Faro-de-Teno-Tenerife.jpg 1023w, https:\/\/wellhomestenerife.com\/wp-content\/uploads\/2022\/07\/Faro-de-Teno-Tenerife-300x199.jpg 300w, https:\/\/wellhomestenerife.com\/wp-content\/uploads\/2022\/07\/Faro-de-Teno-Tenerife-768x509.jpg 768w, https:\/\/wellhomestenerife.com\/wp-content\/uploads\/2022\/07\/Faro-de-Teno-Tenerife-600x398.jpg 600w\" sizes=\"(max-width: 800px) 100vw, 800px\" title=\"\">\t\t\t\t\t\t\t\t\t\t\t<figcaption class=\"widget-image-caption wp-caption-text\">Faro de la Punta de Teno<\/figcaption>\n\t\t\t\t\t\t\t\t\t\t<\/figure>\n\t\t\t\t\t\t\t\t\t<\/div>\n\t\t\t\t<\/div>\n\t\t\t\t<div class=\"elementor-element elementor-element-78ba892 elementor-widget elementor-widget-text-editor\" data-id=\"78ba892\" data-element_type=\"widget\" data-widget_type=\"text-editor.default\">\n\t\t\t\t<div class=\"elementor-widget-container\">\n\t\t\t\t\t\t\t<h4>How to get to the Teno Lighthouse:<\/h4>\n<p>Due to the access for cars is restricted, Punta de Teno has few people during the day. To <b>get to Punta de Teno<\/b>, you can go by car (at certain times), walk or go by bus.<\/p>\n<p>Next, I explain and describe the different options so you can decide how to visit it.<\/p>\n<p>With the exception of public transport, road access by car to Punta de Teno is restricted during the day.<\/p>\n\t\t\t\t\t\t<\/div>\n\t\t\t\t<\/div>\n\t\t\t\t<div class=\"elementor-element elementor-element-d1fbc15 elementor-icon-list--layout-traditional elementor-list-item-link-full_width elementor-widget elementor-widget-icon-list\" data-id=\"d1fbc15\" data-element_type=\"widget\" data-widget_type=\"icon-list.default\">\n\t\t\t\t<div class=\"elementor-widget-container\">\n\t\t\t<link rel=\"stylesheet\" href=\"https:\/\/wellhomestenerife.com\/wp-content\/plugins\/elementor\/assets\/css\/widget-icon-list.min.css\">\t\t<ul class=\"elementor-icon-list-items\">\n\t\t\t\t\t\t\t<li class=\"elementor-icon-list-item\">\n\t\t\t\t\t\t\t\t\t\t\t<span class=\"elementor-icon-list-icon\">\n\t\t\t\t\t\t\t<i aria-hidden=\"true\" class=\"far fa-calendar-alt\"><\/i>\t\t\t\t\t\t<\/span>\n\t\t\t\t\t\t\t\t\t\t<span class=\"elementor-icon-list-text\">In summer, the road is closed from 9 am to 8 pm.<\/span>\n\t\t\t\t\t\t\t\t\t<\/li>\n\t\t\t\t\t\t\t\t<li class=\"elementor-icon-list-item\">\n\t\t\t\t\t\t\t\t\t\t\t<span class=\"elementor-icon-list-icon\">\n\t\t\t\t\t\t\t<i aria-hidden=\"true\" class=\"far fa-calendar-alt\"><\/i>\t\t\t\t\t\t<\/span>\n\t\t\t\t\t\t\t\t\t\t<span class=\"elementor-icon-list-text\">In autumn, winter, and spring, the road is closed from 10 a.m. to 7 p.m.<\/span>\n\t\t\t\t\t\t\t\t\t<\/li>\n\t\t\t\t\t\t\t\t<li class=\"elementor-icon-list-item\">\n\t\t\t\t\t\t\t\t\t\t\t<span class=\"elementor-icon-list-icon\">\n\t\t\t\t\t\t\t<i aria-hidden=\"true\" class=\"fas fa-bus\"><\/i>\t\t\t\t\t\t<\/span>\n\t\t\t\t\t\t\t\t\t\t<span class=\"elementor-icon-list-text\">Line 369 in Buenavista del Norte<\/span>\n\t\t\t\t\t\t\t\t\t<\/li>\n\t\t\t\t\t\t<\/ul>\n\t\t\t\t<\/div>\n\t\t\t\t<\/div>\n\t\t\t\t<div class=\"elementor-element elementor-element-ae5133e elementor-widget elementor-widget-spacer\" data-id=\"ae5133e\" data-element_type=\"widget\" data-widget_type=\"spacer.default\">\n\t\t\t\t<div class=\"elementor-widget-container\">\n\t\t\t\t\t<div class=\"elementor-spacer\">\n\t\t\t<div class=\"elementor-spacer-inner\"><\/div>\n\t\t<\/div>\n\t\t\t\t<\/div>\n\t\t\t\t<\/div>\n\t\t\t\t<div class=\"elementor-element elementor-element-223371d elementor-widget elementor-widget-text-editor\" data-id=\"223371d\" data-element_type=\"widget\" data-widget_type=\"text-editor.default\">\n\t\t\t\t<div class=\"elementor-widget-container\">\n\t\t\t\t\t\t\t<p>&lt;h3&gt;Buenavista del Norte&lt;\/h3&gt;<\/p>\n\t\t\t\t\t\t<\/div>\n\t\t\t\t<\/div>\n\t\t\t\t<div class=\"elementor-element elementor-element-5b3c4ea elementor-widget elementor-widget-text-editor\" data-id=\"5b3c4ea\" data-element_type=\"widget\" data-widget_type=\"text-editor.default\">\n\t\t\t\t<div class=\"elementor-widget-container\">\n\t\t\t\t\t\t\t<p>It is a living municipality, with a <b>gastronomic, cultural and sports offer<\/b> in balance with the <b>ethnographic resources and historical buildings.<\/b><\/p>\n<p>The town has attractions of undoubted value, from its charming streets and its coast full of coves to a leisure offer that is respectful of nature.<\/p>\n\t\t\t\t\t\t<\/div>\n\t\t\t\t<\/div>\n\t\t\t\t<div class=\"elementor-element elementor-element-3f61539 elementor-widget elementor-widget-text-editor\" data-id=\"3f61539\" data-element_type=\"widget\" data-widget_type=\"text-editor.default\">\n\t\t\t\t<div class=\"elementor-widget-container\">\n\t\t\t\t\t\t\t<p>The town center contains a lot of <b>beautiful buildings of great heritage value<\/b>. Its <b>landscapes <\/b>and natural spaces are among the most remote and <b>virgin in Tenerife.<\/b><\/p>\n<p>The name of Buenavista del Norte was given by the conquerors, since upon their arrival they were pleasantly surprised by the wonderful views that could be seen from the area, giving rise to the current name.<\/p>\n\t\t\t\t\t\t<\/div>\n\t\t\t\t<\/div>\n\t\t\t\t<div class=\"elementor-element elementor-element-a62afd8 elementor-widget elementor-widget-text-editor\" data-id=\"a62afd8\" data-element_type=\"widget\" data-widget_type=\"text-editor.default\">\n\t\t\t\t<div class=\"elementor-widget-container\">\n\t\t\t\t\t\t\t<p>If you have the chance to visit <b>Masca<\/b>, you won&#8217;t regret it. Despite its remote location, it is a very charming enclave. It has a<b> craft center and a museum.<\/b> In the past it was a privileged hiding place for pirates who passed through the island and did not want to be discovered. A magical place without a doubt.<\/p>\n\t\t\t\t\t\t<\/div>\n\t\t\t\t<\/div>\n\t\t\t\t<div class=\"elementor-element elementor-element-d794977 elementor-widget elementor-widget-image\" data-id=\"d794977\" data-element_type=\"widget\" data-widget_type=\"image.default\">\n\t\t\t\t<div class=\"elementor-widget-container\">\n\t\t\t\t\t\t\t\t\t\t\t\t<figure class=\"wp-caption\">\n\t\t\t\t\t\t\t\t\t\t<img decoding=\"async\" loading=\"lazy\" width=\"800\" height=\"520\" src=\"https:\/\/wellhomestenerife.com\/wp-content\/uploads\/2022\/07\/masca-tenerife-1024x666.jpg\" class=\"attachment-large size-large wp-image-4994\" alt=\"masca-tenerife\" srcset=\"https:\/\/wellhomestenerife.com\/wp-content\/uploads\/2022\/07\/masca-tenerife-1024x666.jpg 1024w, https:\/\/wellhomestenerife.com\/wp-content\/uploads\/2022\/07\/masca-tenerife-300x195.jpg 300w, https:\/\/wellhomestenerife.com\/wp-content\/uploads\/2022\/07\/masca-tenerife-768x499.jpg 768w, https:\/\/wellhomestenerife.com\/wp-content\/uploads\/2022\/07\/masca-tenerife-600x390.jpg 600w, https:\/\/wellhomestenerife.com\/wp-content\/uploads\/2022\/07\/masca-tenerife.jpg 1060w\" sizes=\"(max-width: 800px) 100vw, 800px\" title=\"\">\t\t\t\t\t\t\t\t\t\t\t<figcaption class=\"widget-image-caption wp-caption-text\">masca-tenerife<\/figcaption>\n\t\t\t\t\t\t\t\t\t\t<\/figure>\n\t\t\t\t\t\t\t\t\t<\/div>\n\t\t\t\t<\/div>\n\t\t\t\t<div class=\"elementor-element elementor-element-28fa6bc elementor-widget elementor-widget-spacer\" data-id=\"28fa6bc\" data-element_type=\"widget\" data-widget_type=\"spacer.default\">\n\t\t\t\t<div class=\"elementor-widget-container\">\n\t\t\t\t\t<div class=\"elementor-spacer\">\n\t\t\t<div class=\"elementor-spacer-inner\"><\/div>\n\t\t<\/div>\n\t\t\t\t<\/div>\n\t\t\t\t<\/div>\n\t\t\t\t<div class=\"elementor-element elementor-element-35164b2 elementor-widget-divider--view-line elementor-widget elementor-widget-divider\" data-id=\"35164b2\" data-element_type=\"widget\" data-widget_type=\"divider.default\">\n\t\t\t\t<div class=\"elementor-widget-container\">\n\t\t\t<style>\/*! elementor - v3.15.0 - 02-08-2023 *\/\n.elementor-widget-divider{--divider-border-style:none;--divider-border-width:1px;--divider-color:#0c0d0e;--divider-icon-size:20px;--divider-element-spacing:10px;--divider-pattern-height:24px;--divider-pattern-size:20px;--divider-pattern-url:none;--divider-pattern-repeat:repeat-x}.elementor-widget-divider .elementor-divider{display:flex}.elementor-widget-divider .elementor-divider__text{font-size:15px;line-height:1;max-width:95%}.elementor-widget-divider .elementor-divider__element{margin:0 var(--divider-element-spacing);flex-shrink:0}.elementor-widget-divider .elementor-icon{font-size:var(--divider-icon-size)}.elementor-widget-divider .elementor-divider-separator{display:flex;margin:0;direction:ltr}.elementor-widget-divider--view-line_icon .elementor-divider-separator,.elementor-widget-divider--view-line_text .elementor-divider-separator{align-items:center}.elementor-widget-divider--view-line_icon .elementor-divider-separator:after,.elementor-widget-divider--view-line_icon .elementor-divider-separator:before,.elementor-widget-divider--view-line_text .elementor-divider-separator:after,.elementor-widget-divider--view-line_text .elementor-divider-separator:before{display:block;content:\"\";border-bottom:0;flex-grow:1;border-top:var(--divider-border-width) var(--divider-border-style) var(--divider-color)}.elementor-widget-divider--element-align-left .elementor-divider .elementor-divider-separator>.elementor-divider__svg:first-of-type{flex-grow:0;flex-shrink:100}.elementor-widget-divider--element-align-left .elementor-divider-separator:before{content:none}.elementor-widget-divider--element-align-left .elementor-divider__element{margin-left:0}.elementor-widget-divider--element-align-right .elementor-divider .elementor-divider-separator>.elementor-divider__svg:last-of-type{flex-grow:0;flex-shrink:100}.elementor-widget-divider--element-align-right .elementor-divider-separator:after{content:none}.elementor-widget-divider--element-align-right .elementor-divider__element{margin-right:0}.elementor-widget-divider:not(.elementor-widget-divider--view-line_text):not(.elementor-widget-divider--view-line_icon) .elementor-divider-separator{border-top:var(--divider-border-width) var(--divider-border-style) var(--divider-color)}.elementor-widget-divider--separator-type-pattern{--divider-border-style:none}.elementor-widget-divider--separator-type-pattern.elementor-widget-divider--view-line .elementor-divider-separator,.elementor-widget-divider--separator-type-pattern:not(.elementor-widget-divider--view-line) .elementor-divider-separator:after,.elementor-widget-divider--separator-type-pattern:not(.elementor-widget-divider--view-line) .elementor-divider-separator:before,.elementor-widget-divider--separator-type-pattern:not([class*=elementor-widget-divider--view]) .elementor-divider-separator{width:100%;min-height:var(--divider-pattern-height);-webkit-mask-size:var(--divider-pattern-size) 100%;mask-size:var(--divider-pattern-size) 100%;-webkit-mask-repeat:var(--divider-pattern-repeat);mask-repeat:var(--divider-pattern-repeat);background-color:var(--divider-color);-webkit-mask-image:var(--divider-pattern-url);mask-image:var(--divider-pattern-url)}.elementor-widget-divider--no-spacing{--divider-pattern-size:auto}.elementor-widget-divider--bg-round{--divider-pattern-repeat:round}.rtl .elementor-widget-divider .elementor-divider__text{direction:rtl}.e-con-inner>.elementor-widget-divider,.e-con>.elementor-widget-divider{width:var(--container-widget-width,100%);--flex-grow:var(--container-widget-flex-grow)}<\/style>\t\t<div class=\"elementor-divider\">\n\t\t\t<span class=\"elementor-divider-separator\">\n\t\t\t\t\t\t<\/span>\n\t\t<\/div>\n\t\t\t\t<\/div>\n\t\t\t\t<\/div>\n\t\t\t\t<div class=\"elementor-element elementor-element-0046835 elementor-widget elementor-widget-text-editor\" data-id=\"0046835\" data-element_type=\"widget\" data-widget_type=\"text-editor.default\">\n\t\t\t\t<div class=\"elementor-widget-container\">\n\t\t\t\t\t\t\t<p><b>Where to eat in Buenavista del Norte?<\/b><\/p>\n\t\t\t\t\t\t<\/div>\n\t\t\t\t<\/div>\n\t\t\t\t<div class=\"elementor-element elementor-element-cead0a2 elementor-icon-list--layout-traditional elementor-list-item-link-full_width elementor-widget elementor-widget-icon-list\" data-id=\"cead0a2\" data-element_type=\"widget\" data-widget_type=\"icon-list.default\">\n\t\t\t\t<div class=\"elementor-widget-container\">\n\t\t\t\t\t<ul class=\"elementor-icon-list-items\">\n\t\t\t\t\t\t\t<li class=\"elementor-icon-list-item\">\n\t\t\t\t\t\t\t\t\t\t\t<a href=\"https:\/\/www.google.com\/search?q=restaurante+playa+de+las+arenas+buenavista+del+norte&#038;rlz=1C1GIVA_enES881ES881&#038;tbm=lcl&#038;sxsrf=ALiCzsZZqn8jAjv32iymHOKH2mk5HHWaXQ%3A1655740234400&#038;ei=SpewYqHmF9ODlwSm3KyYAg&#038;oq=restaurante+playa+de+las+arenas+buenavista+del+norte&#038;gs_l=psy-ab.3..33i10i160k1l2.11085.19766.0.19901.60.43.3.0.0.0.277.4771.1j29j3.34.0....0...1c.1.64.psy-ab..23.37.4894.10..35i39k1j0i67k1j0i433i131i67k1j0i512i433i131k1j0i512k1j0i512i263i20k1j0i457i67k1j0i433i67k1j35i362i39k1j0i512i263i433i131i20k1j0i30i22k1j33i160k1j33i30i22i29k1j33i30i15i22i29k1.114._sZFEpF8cf8#\" target=\"_blank\" rel=\"noopener\">\n\n\t\t\t\t\t\t\t\t\t\t\t\t<span class=\"elementor-icon-list-icon\">\n\t\t\t\t\t\t\t<i aria-hidden=\"true\" class=\"fas fa-utensils\"><\/i>\t\t\t\t\t\t<\/span>\n\t\t\t\t\t\t\t\t\t\t<span class=\"elementor-icon-list-text\">El Burgado Restaurant<\/span>\n\t\t\t\t\t\t\t\t\t\t\t<\/a>\n\t\t\t\t\t\t\t\t\t<\/li>\n\t\t\t\t\t\t<\/ul>\n\t\t\t\t<\/div>\n\t\t\t\t<\/div>\n\t\t\t\t<div class=\"elementor-element elementor-element-ab4f213 elementor-widget-divider--view-line elementor-widget elementor-widget-divider\" data-id=\"ab4f213\" data-element_type=\"widget\" data-widget_type=\"divider.default\">\n\t\t\t\t<div class=\"elementor-widget-container\">\n\t\t\t\t\t<div class=\"elementor-divider\">\n\t\t\t<span class=\"elementor-divider-separator\">\n\t\t\t\t\t\t<\/span>\n\t\t<\/div>\n\t\t\t\t<\/div>\n\t\t\t\t<\/div>\n\t\t\t\t<div class=\"elementor-element elementor-element-349151b elementor-widget elementor-widget-spacer\" data-id=\"349151b\" data-element_type=\"widget\" data-widget_type=\"spacer.default\">\n\t\t\t\t<div class=\"elementor-widget-container\">\n\t\t\t\t\t<div class=\"elementor-spacer\">\n\t\t\t<div class=\"elementor-spacer-inner\"><\/div>\n\t\t<\/div>\n\t\t\t\t<\/div>\n\t\t\t\t<\/div>\n\t\t\t\t<div class=\"elementor-element elementor-element-a50ef36 elementor-widget elementor-widget-text-editor\" data-id=\"a50ef36\" data-element_type=\"widget\" data-widget_type=\"text-editor.default\">\n\t\t\t\t<div class=\"elementor-widget-container\">\n\t\t\t\t\t\t\t<h3>Town and Port of Garachico<\/h3>\n\t\t\t\t\t\t<\/div>\n\t\t\t\t<\/div>\n\t\t\t\t<div class=\"elementor-element elementor-element-8de5a4d elementor-widget elementor-widget-text-editor\" data-id=\"8de5a4d\" data-element_type=\"widget\" data-widget_type=\"text-editor.default\">\n\t\t\t\t<div class=\"elementor-widget-container\">\n\t\t\t\t\t\t\t<p>After the conquest of Tenerife, <b>Garachico became the island&#8217;s main fishing and commercial port<\/b>until a<b>volcanic eruption destroyed it.<\/b> This golden age attracted numerous families of great influence, which was reflected in the layout of its streets and in the architecture of its buildings.<\/p>\n<p>Garachico has a very well preserved <b>rich architectural heritage from the 16th and 17th centuries<\/b>, which is why it was declared an <b>Asset of Cultural Interest in 1994.<\/b><\/p>\n\t\t\t\t\t\t<\/div>\n\t\t\t\t<\/div>\n\t\t\t\t<div class=\"elementor-element elementor-element-e5ac7ec elementor-widget elementor-widget-text-editor\" data-id=\"e5ac7ec\" data-element_type=\"widget\" data-widget_type=\"text-editor.default\">\n\t\t\t\t<div class=\"elementor-widget-container\">\n\t\t\t\t\t\t\t<h4>Church of Santa Ana, Asset of Cultural Interest.<\/h4>\n\t\t\t\t\t\t<\/div>\n\t\t\t\t<\/div>\n\t\t\t\t<div class=\"elementor-element elementor-element-a4ab411 elementor-widget elementor-widget-image\" data-id=\"a4ab411\" data-element_type=\"widget\" data-widget_type=\"image.default\">\n\t\t\t\t<div class=\"elementor-widget-container\">\n\t\t\t\t\t\t\t\t\t\t\t\t\t\t\t<img decoding=\"async\" loading=\"lazy\" width=\"800\" height=\"534\" src=\"https:\/\/wellhomestenerife.com\/wp-content\/uploads\/2022\/07\/iglesia-garachico.jpg\" class=\"attachment-large size-large wp-image-4996\" alt=\"Iglesia de Santa Ana Garachico\" srcset=\"https:\/\/wellhomestenerife.com\/wp-content\/uploads\/2022\/07\/iglesia-garachico.jpg 1015w, https:\/\/wellhomestenerife.com\/wp-content\/uploads\/2022\/07\/iglesia-garachico-300x200.jpg 300w, https:\/\/wellhomestenerife.com\/wp-content\/uploads\/2022\/07\/iglesia-garachico-768x513.jpg 768w, https:\/\/wellhomestenerife.com\/wp-content\/uploads\/2022\/07\/iglesia-garachico-600x401.jpg 600w\" sizes=\"(max-width: 800px) 100vw, 800px\" title=\"\">\t\t\t\t\t\t\t\t\t\t\t\t\t\t\t<\/div>\n\t\t\t\t<\/div>\n\t\t\t\t<div class=\"elementor-element elementor-element-9350312 elementor-widget elementor-widget-spacer\" data-id=\"9350312\" data-element_type=\"widget\" data-widget_type=\"spacer.default\">\n\t\t\t\t<div class=\"elementor-widget-container\">\n\t\t\t\t\t<div class=\"elementor-spacer\">\n\t\t\t<div class=\"elementor-spacer-inner\"><\/div>\n\t\t<\/div>\n\t\t\t\t<\/div>\n\t\t\t\t<\/div>\n\t\t\t\t<div class=\"elementor-element elementor-element-75377a7 elementor-widget elementor-widget-text-editor\" data-id=\"75377a7\" data-element_type=\"widget\" data-widget_type=\"text-editor.default\">\n\t\t\t\t<div class=\"elementor-widget-container\">\n\t\t\t\t\t\t\t<h4>San Miguel Castle<\/h4>\n\t\t\t\t\t\t<\/div>\n\t\t\t\t<\/div>\n\t\t\t\t<div class=\"elementor-element elementor-element-a0cdd51 elementor-widget elementor-widget-image\" data-id=\"a0cdd51\" data-element_type=\"widget\" data-widget_type=\"image.default\">\n\t\t\t\t<div class=\"elementor-widget-container\">\n\t\t\t\t\t\t\t\t\t\t\t\t\t\t\t<img decoding=\"async\" loading=\"lazy\" width=\"800\" height=\"534\" src=\"https:\/\/wellhomestenerife.com\/wp-content\/uploads\/2022\/07\/garachico-spain-august-2-2021-castle-of-san-miguel-in-the-old-port-of-garachico-with-old-spanish-1024x684.jpg\" class=\"attachment-large size-large wp-image-4998\" alt=\"Castillo de San Miguel Garachico\" srcset=\"https:\/\/wellhomestenerife.com\/wp-content\/uploads\/2022\/07\/garachico-spain-august-2-2021-castle-of-san-miguel-in-the-old-port-of-garachico-with-old-spanish-1024x684.jpg 1024w, https:\/\/wellhomestenerife.com\/wp-content\/uploads\/2022\/07\/garachico-spain-august-2-2021-castle-of-san-miguel-in-the-old-port-of-garachico-with-old-spanish-300x200.jpg 300w, https:\/\/wellhomestenerife.com\/wp-content\/uploads\/2022\/07\/garachico-spain-august-2-2021-castle-of-san-miguel-in-the-old-port-of-garachico-with-old-spanish-768x513.jpg 768w, https:\/\/wellhomestenerife.com\/wp-content\/uploads\/2022\/07\/garachico-spain-august-2-2021-castle-of-san-miguel-in-the-old-port-of-garachico-with-old-spanish-600x401.jpg 600w, https:\/\/wellhomestenerife.com\/wp-content\/uploads\/2022\/07\/garachico-spain-august-2-2021-castle-of-san-miguel-in-the-old-port-of-garachico-with-old-spanish.jpg 1050w\" sizes=\"(max-width: 800px) 100vw, 800px\" title=\"\">\t\t\t\t\t\t\t\t\t\t\t\t\t\t\t<\/div>\n\t\t\t\t<\/div>\n\t\t\t\t<div class=\"elementor-element elementor-element-467f6cc elementor-widget elementor-widget-text-editor\" data-id=\"467f6cc\" data-element_type=\"widget\" data-widget_type=\"text-editor.default\">\n\t\t\t\t<div class=\"elementor-widget-container\">\n\t\t\t\t\t\t\t<p>Faced with the need to safeguard the port, whose activity and ship traffic was increasing, the Mayor of the place and Regidor of the Island, Fabi\u00e1n Vi\u00f1a Negr\u00f3n, undertook to<b>build a castle<\/b>. Works began in 1575, but was delayed due to lack of manpower. It came into operation, still unfinished, in 1579.<\/p>\n\t\t\t\t\t\t<\/div>\n\t\t\t\t<\/div>\n\t\t\t\t<div class=\"elementor-element elementor-element-e348821 elementor-widget elementor-widget-text-editor\" data-id=\"e348821\" data-element_type=\"widget\" data-widget_type=\"text-editor.default\">\n\t\t\t\t<div class=\"elementor-widget-container\">\n\t\t\t\t\t\t\t<p>The 1706 eruption failed to harm it.<\/p>\n\t\t\t\t\t\t<\/div>\n\t\t\t\t<\/div>\n\t\t\t\t<div class=\"elementor-element elementor-element-bf8f50a elementor-widget elementor-widget-text-editor\" data-id=\"bf8f50a\" data-element_type=\"widget\" data-widget_type=\"text-editor.default\">\n\t\t\t\t<div class=\"elementor-widget-container\">\n\t\t\t\t\t\t\t<h4>El Calet\u00f3n natural pools<\/h4>\n\t\t\t\t\t\t<\/div>\n\t\t\t\t<\/div>\n\t\t\t\t<div class=\"elementor-element elementor-element-68deef2 elementor-widget elementor-widget-image\" data-id=\"68deef2\" data-element_type=\"widget\" data-widget_type=\"image.default\">\n\t\t\t\t<div class=\"elementor-widget-container\">\n\t\t\t\t\t\t\t\t\t\t\t\t<figure class=\"wp-caption\">\n\t\t\t\t\t\t\t\t\t\t<img decoding=\"async\" loading=\"lazy\" width=\"800\" height=\"600\" src=\"https:\/\/wellhomestenerife.com\/wp-content\/uploads\/2022\/07\/piscinas-naturales-garachico-dautedigital.jpg\" class=\"attachment-large size-large wp-image-5021\" alt=\"Piscinas naturales Garachico\" srcset=\"https:\/\/wellhomestenerife.com\/wp-content\/uploads\/2022\/07\/piscinas-naturales-garachico-dautedigital.jpg 1024w, https:\/\/wellhomestenerife.com\/wp-content\/uploads\/2022\/07\/piscinas-naturales-garachico-dautedigital-300x225.jpg 300w, https:\/\/wellhomestenerife.com\/wp-content\/uploads\/2022\/07\/piscinas-naturales-garachico-dautedigital-768x576.jpg 768w, https:\/\/wellhomestenerife.com\/wp-content\/uploads\/2022\/07\/piscinas-naturales-garachico-dautedigital-600x450.jpg 600w\" sizes=\"(max-width: 800px) 100vw, 800px\" title=\"\">\t\t\t\t\t\t\t\t\t\t\t<figcaption class=\"widget-image-caption wp-caption-text\">Piscina naturales Garachico (Recurso de Daute Digital)<\/figcaption>\n\t\t\t\t\t\t\t\t\t\t<\/figure>\n\t\t\t\t\t\t\t\t\t<\/div>\n\t\t\t\t<\/div>\n\t\t\t\t<div class=\"elementor-element elementor-element-7a7e675 elementor-widget elementor-widget-text-editor\" data-id=\"7a7e675\" data-element_type=\"widget\" data-widget_type=\"text-editor.default\">\n\t\t\t\t<div class=\"elementor-widget-container\">\n\t\t\t\t\t\t\t<p>It is worth noting the <b>natural pools of El Calet\u00f3n<\/b>, one of the most popular bathing areas, and the imposing rock that rises up off its coast.<\/p>\n\t\t\t\t\t\t<\/div>\n\t\t\t\t<\/div>\n\t\t\t\t<div class=\"elementor-element elementor-element-1a8a1ac elementor-widget elementor-widget-text-editor\" data-id=\"1a8a1ac\" data-element_type=\"widget\" data-widget_type=\"text-editor.default\">\n\t\t\t\t<div class=\"elementor-widget-container\">\n\t\t\t\t\t\t\t<h2>Day 2. Visit to Mount Teide, North of Tenerife.<\/h2>\n\t\t\t\t\t\t<\/div>\n\t\t\t\t<\/div>\n\t\t\t\t<div class=\"elementor-element elementor-element-4cccc37 elementor-widget elementor-widget-image\" data-id=\"4cccc37\" data-element_type=\"widget\" data-widget_type=\"image.default\">\n\t\t\t\t<div class=\"elementor-widget-container\">\n\t\t\t\t\t\t\t\t\t\t\t\t\t\t\t<img decoding=\"async\" loading=\"lazy\" width=\"800\" height=\"534\" src=\"https:\/\/wellhomestenerife.com\/wp-content\/uploads\/2022\/07\/El-Teide-1024x683.jpg\" class=\"attachment-large size-large wp-image-5014\" alt=\"El Teide\" srcset=\"https:\/\/wellhomestenerife.com\/wp-content\/uploads\/2022\/07\/El-Teide-1024x683.jpg 1024w, https:\/\/wellhomestenerife.com\/wp-content\/uploads\/2022\/07\/El-Teide-300x200.jpg 300w, https:\/\/wellhomestenerife.com\/wp-content\/uploads\/2022\/07\/El-Teide-768x512.jpg 768w, https:\/\/wellhomestenerife.com\/wp-content\/uploads\/2022\/07\/El-Teide-600x400.jpg 600w, https:\/\/wellhomestenerife.com\/wp-content\/uploads\/2022\/07\/El-Teide.jpg 1047w\" sizes=\"(max-width: 800px) 100vw, 800px\" title=\"\">\t\t\t\t\t\t\t\t\t\t\t\t\t\t\t<\/div>\n\t\t\t\t<\/div>\n\t\t\t\t<div class=\"elementor-element elementor-element-dd10730 elementor-widget elementor-widget-text-editor\" data-id=\"dd10730\" data-element_type=\"widget\" data-widget_type=\"text-editor.default\">\n\t\t\t\t<div class=\"elementor-widget-container\">\n\t\t\t\t\t\t\t<p><b>Teide National Park<\/b> is located in the center of the island. It was declared a <b>World Heritage Site by UNESCO in 2007<\/b> with the category of Natural Asset. It is also a European Diploma from the Council of Europe and is part of the <b>Natura 2000 Network Places<\/b>.<\/p>\n<p>Its summit represents <b>the highest peak in Spain, with 3,718 meters<\/b>. Its record figures also include that it is the most visited national park in Spain and Europe, receiving some three million tourists a year.<\/p>\n<p>The landscape is overwhelming no matter where you look. To get to know it in greater depth, it is best to go up one road and down another. You can go up the road from La Esperanza or from the South, and go down through La Orotava.<\/p>\n<p>The experience of <b> ascending to the highest point in Spain<\/b> and enjoying the magnificent views is something unforgettable. We totally recommend it so you can appreciate the <b>impressive landscape of lava flows <\/b>and the remains of the successive historical eruptions that have occurred. To do this, you can do it by going up on the Cable Car, <a href=\"https:\/\/blog.volcanoteide.com\/en\/visiting-el-teide-with-cable-car-everything-you-need-to-know\" target=\" _blank\" rel=\"noopener\">with prior reservation.<\/a><\/p>\n\t\t\t\t\t\t<\/div>\n\t\t\t\t<\/div>\n\t\t\t\t<div class=\"elementor-element elementor-element-53b525f elementor-align-center elementor-widget elementor-widget-button\" data-id=\"53b525f\" data-element_type=\"widget\" data-widget_type=\"button.default\">\n\t\t\t\t<div class=\"elementor-widget-container\">\n\t\t\t\t\t<div class=\"elementor-button-wrapper\">\n\t\t\t<a class=\"elementor-button elementor-button-link elementor-size-sm\" href=\"https:\/\/blog.volcanoteide.com\/es\/visitar-el-teide-con-teleferico-todo-lo-que-necesitas-saber\" target=\"_blank\" rel=\"noopener\">\n\t\t\t\t\t\t<span class=\"elementor-button-content-wrapper\">\n\t\t\t\t\t\t<span class=\"elementor-button-text\">Book the cable car here<\/span>\n\t\t<\/span>\n\t\t\t\t\t<\/a>\n\t\t<\/div>\n\t\t\t\t<\/div>\n\t\t\t\t<\/div>\n\t\t\t\t<div class=\"elementor-element elementor-element-16c3ea9 elementor-widget elementor-widget-text-editor\" data-id=\"16c3ea9\" data-element_type=\"widget\" data-widget_type=\"text-editor.default\">\n\t\t\t\t<div class=\"elementor-widget-container\">\n\t\t\t\t\t\t\t<p>If what you want is to <b>climb to the peak of Teide<\/b>, you must request an access <b>permit<\/b> months in advance, through the National Parks website.<\/p>\n\t\t\t\t\t\t<\/div>\n\t\t\t\t<\/div>\n\t\t\t\t<div class=\"elementor-element elementor-element-cf7eb70 elementor-align-center elementor-widget elementor-widget-button\" data-id=\"cf7eb70\" data-element_type=\"widget\" data-widget_type=\"button.default\">\n\t\t\t\t<div class=\"elementor-widget-container\">\n\t\t\t\t\t<div class=\"elementor-button-wrapper\">\n\t\t\t<a class=\"elementor-button elementor-button-link elementor-size-sm\" href=\"https:\/\/www.reservasparquesnacionales.es\/real\/parquesnac\/usu\/html\/listado-actividades-oapn.aspx?cen=2\" target=\"_blank\" rel=\"noopener\">\n\t\t\t\t\t\t<span class=\"elementor-button-content-wrapper\">\n\t\t\t\t\t\t<span class=\"elementor-button-text\">Request permission to climb Mount Teide<\/span>\n\t\t<\/span>\n\t\t\t\t\t<\/a>\n\t\t<\/div>\n\t\t\t\t<\/div>\n\t\t\t\t<\/div>\n\t\t\t\t<div class=\"elementor-element elementor-element-4657301 elementor-widget elementor-widget-text-editor\" data-id=\"4657301\" data-element_type=\"widget\" data-widget_type=\"text-editor.default\">\n\t\t\t\t<div class=\"elementor-widget-container\">\n\t\t\t\t\t\t\t<h3>La Orotava<\/h3>\n\t\t\t\t\t\t<\/div>\n\t\t\t\t<\/div>\n\t\t\t\t<div class=\"elementor-element elementor-element-65a7a59 elementor-widget elementor-widget-text-editor\" data-id=\"65a7a59\" data-element_type=\"widget\" data-widget_type=\"text-editor.default\">\n\t\t\t\t<div class=\"elementor-widget-container\">\n\t\t\t\t\t\t\t<p>La Orotava is one of the most beautiful towns on the island. Located in the middle of the valley of the same name, it stands out for its perfectly preserved buildings, which has led the city center to be declared a <b>Artistic Historic Complex&lt;\/b &gt;. You can breathe in its streets that<b> stately air<\/b> that has never left it since the conquest of the Island.<\/b><\/p>\n<p>We recommend you stroll through its cobbled streets and discover all its buildings that give off a stately air from the time of the conquerors who settled in La Villa.<\/p>\n\t\t\t\t\t\t<\/div>\n\t\t\t\t<\/div>\n\t\t\t\t<div class=\"elementor-element elementor-element-8b2969b elementor-widget elementor-widget-image\" data-id=\"8b2969b\" data-element_type=\"widget\" data-widget_type=\"image.default\">\n\t\t\t\t<div class=\"elementor-widget-container\">\n\t\t\t\t\t\t\t\t\t\t\t\t\t\t\t<img decoding=\"async\" loading=\"lazy\" width=\"800\" height=\"534\" src=\"https:\/\/wellhomestenerife.com\/wp-content\/uploads\/2022\/07\/La-Orotava-1024x683.jpg\" class=\"attachment-large size-large wp-image-5012\" alt=\"La Orotava\" srcset=\"https:\/\/wellhomestenerife.com\/wp-content\/uploads\/2022\/07\/La-Orotava-1024x683.jpg 1024w, https:\/\/wellhomestenerife.com\/wp-content\/uploads\/2022\/07\/La-Orotava-300x200.jpg 300w, https:\/\/wellhomestenerife.com\/wp-content\/uploads\/2022\/07\/La-Orotava-768x512.jpg 768w, https:\/\/wellhomestenerife.com\/wp-content\/uploads\/2022\/07\/La-Orotava-600x400.jpg 600w, https:\/\/wellhomestenerife.com\/wp-content\/uploads\/2022\/07\/La-Orotava.jpg 1047w\" sizes=\"(max-width: 800px) 100vw, 800px\" title=\"\">\t\t\t\t\t\t\t\t\t\t\t\t\t\t\t<\/div>\n\t\t\t\t<\/div>\n\t\t\t\t<div class=\"elementor-element elementor-element-ae7b4ee elementor-widget elementor-widget-spacer\" data-id=\"ae7b4ee\" data-element_type=\"widget\" data-widget_type=\"spacer.default\">\n\t\t\t\t<div class=\"elementor-widget-container\">\n\t\t\t\t\t<div class=\"elementor-spacer\">\n\t\t\t<div class=\"elementor-spacer-inner\"><\/div>\n\t\t<\/div>\n\t\t\t\t<\/div>\n\t\t\t\t<\/div>\n\t\t\t\t<div class=\"elementor-element elementor-element-18f67f1 elementor-widget elementor-widget-text-editor\" data-id=\"18f67f1\" data-element_type=\"widget\" data-widget_type=\"text-editor.default\">\n\t\t\t\t<div class=\"elementor-widget-container\">\n\t\t\t\t\t\t\t<h3>Puerto de la Cruz.<\/h3>\n\t\t\t\t\t\t<\/div>\n\t\t\t\t<\/div>\n\t\t\t\t<div class=\"elementor-element elementor-element-66fb014 elementor-widget elementor-widget-text-editor\" data-id=\"66fb014\" data-element_type=\"widget\" data-widget_type=\"text-editor.default\">\n\t\t\t\t<div class=\"elementor-widget-container\">\n\t\t\t\t\t\t\t<p>It is a <b>tourist city <\/b>unlike any other. Its <b>port <\/b>experienced a period of commercial splendor, giving <b>output to the island&#8217;s sugar and wine <\/b>which traveled to then-flourishing Europe. Its spectacular nature, its good climate and its extraordinary sky captivated the continent&#8217;s scientists and botanists and it became a <b>key destination for health travel<\/b>.<\/p>\n<p>The first tourists who arrived in the Canary Islands did so in this place, which has not lost its intimate seafaring flavor despite the hundreds of thousands of travelers it receives each year. It still preserves its <b>fishing pier<\/b> intact, where the boats arrive early with the <b>fresh fish.<\/b><\/p>\n<p>Sitting in the Plaza del Charco is a sublime pleasure. Or have an ice cream in one of the charming ice cream parlors in its surroundings. Then there is the privilege of seeing the waves break on the coast of San Telmo, with the spectacular Lago Marti\u00e1nez in the background. And all that makes up a wonderful postcard.<\/p>\n\t\t\t\t\t\t<\/div>\n\t\t\t\t<\/div>\n\t\t\t\t<div class=\"elementor-element elementor-element-19c6731 elementor-widget elementor-widget-image\" data-id=\"19c6731\" data-element_type=\"widget\" data-widget_type=\"image.default\">\n\t\t\t\t<div class=\"elementor-widget-container\">\n\t\t\t\t\t\t\t\t\t\t\t\t\t\t\t<img decoding=\"async\" loading=\"lazy\" width=\"800\" height=\"534\" src=\"https:\/\/wellhomestenerife.com\/wp-content\/uploads\/2022\/07\/Puerto-de-la-Cruz-Tenerife-1024x683.jpg\" class=\"attachment-large size-large wp-image-5010\" alt=\"Puerto de la Cruz, Tenerife\" srcset=\"https:\/\/wellhomestenerife.com\/wp-content\/uploads\/2022\/07\/Puerto-de-la-Cruz-Tenerife-1024x683.jpg 1024w, https:\/\/wellhomestenerife.com\/wp-content\/uploads\/2022\/07\/Puerto-de-la-Cruz-Tenerife-300x200.jpg 300w, https:\/\/wellhomestenerife.com\/wp-content\/uploads\/2022\/07\/Puerto-de-la-Cruz-Tenerife-768x512.jpg 768w, https:\/\/wellhomestenerife.com\/wp-content\/uploads\/2022\/07\/Puerto-de-la-Cruz-Tenerife-600x400.jpg 600w, https:\/\/wellhomestenerife.com\/wp-content\/uploads\/2022\/07\/Puerto-de-la-Cruz-Tenerife.jpg 1053w\" sizes=\"(max-width: 800px) 100vw, 800px\" title=\"\">\t\t\t\t\t\t\t\t\t\t\t\t\t\t\t<\/div>\n\t\t\t\t<\/div>\n\t\t\t\t<div class=\"elementor-element elementor-element-b32bec3 elementor-widget elementor-widget-spacer\" data-id=\"b32bec3\" data-element_type=\"widget\" data-widget_type=\"spacer.default\">\n\t\t\t\t<div class=\"elementor-widget-container\">\n\t\t\t\t\t<div class=\"elementor-spacer\">\n\t\t\t<div class=\"elementor-spacer-inner\"><\/div>\n\t\t<\/div>\n\t\t\t\t<\/div>\n\t\t\t\t<\/div>\n\t\t\t\t<div class=\"elementor-element elementor-element-7a552a4 elementor-widget elementor-widget-text-editor\" data-id=\"7a552a4\" data-element_type=\"widget\" data-widget_type=\"text-editor.default\">\n\t\t\t\t<div class=\"elementor-widget-container\">\n\t\t\t\t\t\t\t<h2>Day 2. South of Tenerife<\/h2>\n\t\t\t\t\t\t<\/div>\n\t\t\t\t<\/div>\n\t\t\t\t<div class=\"elementor-element elementor-element-cccee16 elementor-widget elementor-widget-text-editor\" data-id=\"cccee16\" data-element_type=\"widget\" data-widget_type=\"text-editor.default\">\n\t\t\t\t<div class=\"elementor-widget-container\">\n\t\t\t\t\t\t\t<h3>Los Gigantes Cliff<\/h3>\n\t\t\t\t\t\t<\/div>\n\t\t\t\t<\/div>\n\t\t\t\t<div class=\"elementor-element elementor-element-27c993f elementor-widget elementor-widget-text-editor\" data-id=\"27c993f\" data-element_type=\"widget\" data-widget_type=\"text-editor.default\">\n\t\t\t\t<div class=\"elementor-widget-container\">\n\t\t\t\t\t\t\t<p>This name was put on for obvious reasons. This cliff located in Santiago del Teide forms part of the<b>Teno Rural Park<\/b>and reaches <b>600 meters in height from the sea<\/b> at some points, in an almost straight drop that makes you dizzy even when viewed from below. At its feet, the seabed, some 30 meters deep, is home to a <b>great natural wealth that attracts scuba diving enthusiasts<\/b>and <b>deep-sea fishing<\/b>.<\/p>\n\t\t\t\t\t\t<\/div>\n\t\t\t\t<\/div>\n\t\t\t\t<div class=\"elementor-element elementor-element-78060f1 elementor-widget elementor-widget-image\" data-id=\"78060f1\" data-element_type=\"widget\" data-widget_type=\"image.default\">\n\t\t\t\t<div class=\"elementor-widget-container\">\n\t\t\t\t\t\t\t\t\t\t\t\t\t\t\t<img decoding=\"async\" loading=\"lazy\" width=\"800\" height=\"533\" src=\"https:\/\/wellhomestenerife.com\/wp-content\/uploads\/2022\/07\/Acantilado-Los-Gigantes.jpg\" class=\"attachment-large size-large wp-image-5008\" alt=\"Acantilado Los Gigantes\" srcset=\"https:\/\/wellhomestenerife.com\/wp-content\/uploads\/2022\/07\/Acantilado-Los-Gigantes.jpg 1011w, https:\/\/wellhomestenerife.com\/wp-content\/uploads\/2022\/07\/Acantilado-Los-Gigantes-300x200.jpg 300w, https:\/\/wellhomestenerife.com\/wp-content\/uploads\/2022\/07\/Acantilado-Los-Gigantes-768x512.jpg 768w, https:\/\/wellhomestenerife.com\/wp-content\/uploads\/2022\/07\/Acantilado-Los-Gigantes-600x400.jpg 600w\" sizes=\"(max-width: 800px) 100vw, 800px\" title=\"\">\t\t\t\t\t\t\t\t\t\t\t\t\t\t\t<\/div>\n\t\t\t\t<\/div>\n\t\t\t\t<div class=\"elementor-element elementor-element-843b191 elementor-widget elementor-widget-text-editor\" data-id=\"843b191\" data-element_type=\"widget\" data-widget_type=\"text-editor.default\">\n\t\t\t\t<div class=\"elementor-widget-container\">\n\t\t\t\t\t\t\t<p>In addition, this area is the <b>permanent home to more than twenty marine mammals<\/b> such as <b>pilot whales, sperm whales and dolphins<\/b> that you can admire throughout the year (being wild fauna and in freedom we cannot guarantee 100% sighting but it is very common to see specimens of whales and dolphins).<\/p>\n\t\t\t\t\t\t<\/div>\n\t\t\t\t<\/div>\n\t\t\t\t<div class=\"elementor-element elementor-element-0882c7f elementor-widget elementor-widget-text-editor\" data-id=\"0882c7f\" data-element_type=\"widget\" data-widget_type=\"text-editor.default\">\n\t\t\t\t<div class=\"elementor-widget-container\">\n\t\t\t\t\t\t\t<p>We recommend you enjoy these impressive landscapes by kayak or on a boat route for whale watching.<\/p>\n\t\t\t\t\t\t<\/div>\n\t\t\t\t<\/div>\n\t\t\t\t<div class=\"elementor-element elementor-element-5c32613 elementor-widget elementor-widget-text-editor\" data-id=\"5c32613\" data-element_type=\"widget\" data-widget_type=\"text-editor.default\">\n\t\t\t\t<div class=\"elementor-widget-container\">\n\t\t\t\t\t\t\t<h3>Tajao<\/h3>\n\t\t\t\t\t\t<\/div>\n\t\t\t\t<\/div>\n\t\t\t\t<div class=\"elementor-element elementor-element-e9f7bb8 elementor-widget elementor-widget-text-editor\" data-id=\"e9f7bb8\" data-element_type=\"widget\" data-widget_type=\"text-editor.default\">\n\t\t\t\t<div class=\"elementor-widget-container\">\n\t\t\t\t\t\t\t<p>San Miguel de <a href=\"https:\/\/tajao.es\/\" target=\"_blank\" rel=\"noopener\">Tajao<\/a> is a <b>beautiful fishing village<\/b> located in the municipality of Arico. An incredible place where you can breathe calm and tranquility. Since the 19th century, the fishermen settled in the place called La Caleta, which served as a pier.<\/p>\n\t\t\t\t\t\t<\/div>\n\t\t\t\t<\/div>\n\t\t\t\t<div class=\"elementor-element elementor-element-edb10d5 elementor-widget elementor-widget-text-editor\" data-id=\"edb10d5\" data-element_type=\"widget\" data-widget_type=\"text-editor.default\">\n\t\t\t\t<div class=\"elementor-widget-container\">\n\t\t\t\t\t\t\t<p>With a <b>long fishing tradition<\/b>, the foundation of this population enclave dates back to the 19th century, when there was already a small fishermen&#8217;s village. At that time, the inhabitants of this part of the Arico coast settled mainly around the natural jetty in the area known as La Caleta.<\/p>\n\t\t\t\t\t\t<\/div>\n\t\t\t\t<\/div>\n\t\t\t\t<div class=\"elementor-element elementor-element-33a61ba elementor-widget elementor-widget-image\" data-id=\"33a61ba\" data-element_type=\"widget\" data-widget_type=\"image.default\">\n\t\t\t\t<div class=\"elementor-widget-container\">\n\t\t\t\t\t\t\t\t\t\t\t\t<figure class=\"wp-caption\">\n\t\t\t\t\t\t\t\t\t\t<img decoding=\"async\" loading=\"lazy\" width=\"800\" height=\"523\" src=\"https:\/\/wellhomestenerife.com\/wp-content\/uploads\/2022\/07\/Puerto-de-Tajao-1024x669.webp\" class=\"attachment-large size-large wp-image-5024\" alt=\"Puerto de Tajao\" srcset=\"https:\/\/wellhomestenerife.com\/wp-content\/uploads\/2022\/07\/Puerto-de-Tajao-1024x669.webp 1024w, https:\/\/wellhomestenerife.com\/wp-content\/uploads\/2022\/07\/Puerto-de-Tajao-300x196.webp 300w, https:\/\/wellhomestenerife.com\/wp-content\/uploads\/2022\/07\/Puerto-de-Tajao-768x502.webp 768w, https:\/\/wellhomestenerife.com\/wp-content\/uploads\/2022\/07\/Puerto-de-Tajao-600x392.webp 600w, https:\/\/wellhomestenerife.com\/wp-content\/uploads\/2022\/07\/Puerto-de-Tajao.webp 1074w\" sizes=\"(max-width: 800px) 100vw, 800px\" title=\"\">\t\t\t\t\t\t\t\t\t\t\t<figcaption class=\"widget-image-caption wp-caption-text\">Puerto de Tajao<\/figcaption>\n\t\t\t\t\t\t\t\t\t\t<\/figure>\n\t\t\t\t\t\t\t\t\t<\/div>\n\t\t\t\t<\/div>\n\t\t\t\t<div class=\"elementor-element elementor-element-d3f4fe8 elementor-widget elementor-widget-text-editor\" data-id=\"d3f4fe8\" data-element_type=\"widget\" data-widget_type=\"text-editor.default\">\n\t\t\t\t<div class=\"elementor-widget-container\">\n\t\t\t\t\t\t\t<p>This <b>first pier <\/b>was used, mainly, for the<b> transport of loads and travelers <\/b>from the surroundings, using small boats that were also used for<b> fishing along the nearest coast&lt; \/b&gt;.<\/b><\/p>\n\t\t\t\t\t\t<\/div>\n\t\t\t\t<\/div>\n\t\t\t\t<div class=\"elementor-element elementor-element-f77000e elementor-widget elementor-widget-text-editor\" data-id=\"f77000e\" data-element_type=\"widget\" data-widget_type=\"text-editor.default\">\n\t\t\t\t<div class=\"elementor-widget-container\">\n\t\t\t\t\t\t\t<p><span style=\"font-weight: 400;\">Over the last decades of the 20th century, the arrival of mass tourism produced an enormous change in the productive model of the entire southern fringe of the island of Tenerife. However, <\/span><b>San Miguel de Tajao<\/b><span style=\"font-weight: 400;\"> has managed to <\/span><b>maintain its identity<\/b><span style=\"font-weight: 400;\"> as a fishing village, despite the notable landscape and economic changes in its surroundings.<\/span><\/p>\n\t\t\t\t\t\t<\/div>\n\t\t\t\t<\/div>\n\t\t\t\t<div class=\"elementor-element elementor-element-e6d2004 elementor-widget elementor-widget-text-editor\" data-id=\"e6d2004\" data-element_type=\"widget\" data-widget_type=\"text-editor.default\">\n\t\t\t\t<div class=\"elementor-widget-container\">\n\t\t\t\t\t\t\t<p><b>Artisanal fishing<\/b> has formed part of the historical past, the cultural baggage and the economic activity of the island of Tenerife to the present day, as a sign of the bond that the Canary Islands have always maintained with the sea.<\/p>\n\t\t\t\t\t\t<\/div>\n\t\t\t\t<\/div>\n\t\t\t\t<div class=\"elementor-element elementor-element-a4dfa62 elementor-widget-divider--view-line elementor-widget elementor-widget-divider\" data-id=\"a4dfa62\" data-element_type=\"widget\" data-widget_type=\"divider.default\">\n\t\t\t\t<div class=\"elementor-widget-container\">\n\t\t\t\t\t<div class=\"elementor-divider\">\n\t\t\t<span class=\"elementor-divider-separator\">\n\t\t\t\t\t\t<\/span>\n\t\t<\/div>\n\t\t\t\t<\/div>\n\t\t\t\t<\/div>\n\t\t\t\t<div class=\"elementor-element elementor-element-5238ebc elementor-widget elementor-widget-text-editor\" data-id=\"5238ebc\" data-element_type=\"widget\" data-widget_type=\"text-editor.default\">\n\t\t\t\t<div class=\"elementor-widget-container\">\n\t\t\t\t\t\t\t<h5>Where to eat in Tajao<\/h5>\n\t\t\t\t\t\t<\/div>\n\t\t\t\t<\/div>\n\t\t\t\t<div class=\"elementor-element elementor-element-4035e11 elementor-icon-list--layout-traditional elementor-list-item-link-full_width elementor-widget elementor-widget-icon-list\" data-id=\"4035e11\" data-element_type=\"widget\" data-widget_type=\"icon-list.default\">\n\t\t\t\t<div class=\"elementor-widget-container\">\n\t\t\t\t\t<ul class=\"elementor-icon-list-items\">\n\t\t\t\t\t\t\t<li class=\"elementor-icon-list-item\">\n\t\t\t\t\t\t\t\t\t\t\t<span class=\"elementor-icon-list-icon\">\n\t\t\t\t\t\t\t<i aria-hidden=\"true\" class=\"fas fa-utensils\"><\/i>\t\t\t\t\t\t<\/span>\n\t\t\t\t\t\t\t\t\t\t<span class=\"elementor-icon-list-text\">Restaurante Agua y Sal<\/span>\n\t\t\t\t\t\t\t\t\t<\/li>\n\t\t\t\t\t\t\t\t<li class=\"elementor-icon-list-item\">\n\t\t\t\t\t\t\t\t\t\t\t<span class=\"elementor-icon-list-icon\">\n\t\t\t\t\t\t\t<i aria-hidden=\"true\" class=\"fas fa-utensils\"><\/i>\t\t\t\t\t\t<\/span>\n\t\t\t\t\t\t\t\t\t\t<span class=\"elementor-icon-list-text\">Restaurante el Roc\u00e1s<\/span>\n\t\t\t\t\t\t\t\t\t<\/li>\n\t\t\t\t\t\t\t\t<li class=\"elementor-icon-list-item\">\n\t\t\t\t\t\t\t\t\t\t\t<span class=\"elementor-icon-list-icon\">\n\t\t\t\t\t\t\t<i aria-hidden=\"true\" class=\"fas fa-utensils\"><\/i>\t\t\t\t\t\t<\/span>\n\t\t\t\t\t\t\t\t\t\t<span class=\"elementor-icon-list-text\">Restaurante Playa Tajao<\/span>\n\t\t\t\t\t\t\t\t\t<\/li>\n\t\t\t\t\t\t<\/ul>\n\t\t\t\t<\/div>\n\t\t\t\t<\/div>\n\t\t\t\t<div class=\"elementor-element elementor-element-0a72ffc elementor-widget-divider--view-line elementor-widget elementor-widget-divider\" data-id=\"0a72ffc\" data-element_type=\"widget\" data-widget_type=\"divider.default\">\n\t\t\t\t<div class=\"elementor-widget-container\">\n\t\t\t\t\t<div class=\"elementor-divider\">\n\t\t\t<span class=\"elementor-divider-separator\">\n\t\t\t\t\t\t<\/span>\n\t\t<\/div>\n\t\t\t\t<\/div>\n\t\t\t\t<\/div>\n\t\t\t\t<div class=\"elementor-element elementor-element-ccb96ea elementor-widget elementor-widget-spacer\" data-id=\"ccb96ea\" data-element_type=\"widget\" data-widget_type=\"spacer.default\">\n\t\t\t\t<div class=\"elementor-widget-container\">\n\t\t\t\t\t<div class=\"elementor-spacer\">\n\t\t\t<div class=\"elementor-spacer-inner\"><\/div>\n\t\t<\/div>\n\t\t\t\t<\/div>\n\t\t\t\t<\/div>\n\t\t\t\t<div class=\"elementor-element elementor-element-ac239f0 elementor-widget elementor-widget-text-editor\" data-id=\"ac239f0\" data-element_type=\"widget\" data-widget_type=\"text-editor.default\">\n\t\t\t\t<div class=\"elementor-widget-container\">\n\t\t\t\t\t\t\t<h2>Day 4. La Laguna &#8211; Anaga &#8211; Santa Cruz (Playa de las Teresitas)<\/h2>\n\t\t\t\t\t\t<\/div>\n\t\t\t\t<\/div>\n\t\t\t\t<div class=\"elementor-element elementor-element-6fb44f7 elementor-widget elementor-widget-text-editor\" data-id=\"6fb44f7\" data-element_type=\"widget\" data-widget_type=\"text-editor.default\">\n\t\t\t\t<div class=\"elementor-widget-container\">\n\t\t\t\t\t\t\t<h3>San Crist\u00f3bal de La Laguna<\/h3>\n\t\t\t\t\t\t<\/div>\n\t\t\t\t<\/div>\n\t\t\t\t<div class=\"elementor-element elementor-element-7b72f6b elementor-widget elementor-widget-text-editor\" data-id=\"7b72f6b\" data-element_type=\"widget\" data-widget_type=\"text-editor.default\">\n\t\t\t\t<div class=\"elementor-widget-container\">\n\t\t\t\t\t\t\t<p><b>San Crist\u00f3bal de La Laguna is the largest city in Tenerife<\/b> and the only one on the entire island <b>declared a World Heritage Site.<\/b> This <b>historic town was founded in 1497&lt; \/b&gt;by Alonso Fern\u00e1ndez de Lugo, who chose an<b> inland city to avoid attacks by pirates<\/b> along the coast. Thus, La Laguna was the <b>first capital of Tenerife<\/b> and concentrated all the power of the island.<\/b><\/p>\n\t\t\t\t\t\t<\/div>\n\t\t\t\t<\/div>\n\t\t\t\t<div class=\"elementor-element elementor-element-ec09f55 elementor-widget elementor-widget-image\" data-id=\"ec09f55\" data-element_type=\"widget\" data-widget_type=\"image.default\">\n\t\t\t\t<div class=\"elementor-widget-container\">\n\t\t\t\t\t\t\t\t\t\t\t\t\t\t\t<img decoding=\"async\" loading=\"lazy\" width=\"800\" height=\"534\" src=\"https:\/\/wellhomestenerife.com\/wp-content\/uploads\/2022\/07\/San-Cristobal-de-La-Laguna-1024x683.jpg\" class=\"attachment-large size-large wp-image-5006\" alt=\"San Crist\u00f3bal de La Laguna\" srcset=\"https:\/\/wellhomestenerife.com\/wp-content\/uploads\/2022\/07\/San-Cristobal-de-La-Laguna-1024x683.jpg 1024w, https:\/\/wellhomestenerife.com\/wp-content\/uploads\/2022\/07\/San-Cristobal-de-La-Laguna-300x200.jpg 300w, https:\/\/wellhomestenerife.com\/wp-content\/uploads\/2022\/07\/San-Cristobal-de-La-Laguna-768x512.jpg 768w, https:\/\/wellhomestenerife.com\/wp-content\/uploads\/2022\/07\/San-Cristobal-de-La-Laguna-600x400.jpg 600w, https:\/\/wellhomestenerife.com\/wp-content\/uploads\/2022\/07\/San-Cristobal-de-La-Laguna.jpg 1047w\" sizes=\"(max-width: 800px) 100vw, 800px\" title=\"\">\t\t\t\t\t\t\t\t\t\t\t\t\t\t\t<\/div>\n\t\t\t\t<\/div>\n\t\t\t\t<div class=\"elementor-element elementor-element-8d0538a elementor-widget elementor-widget-text-editor\" data-id=\"8d0538a\" data-element_type=\"widget\" data-widget_type=\"text-editor.default\">\n\t\t\t\t<div class=\"elementor-widget-container\">\n\t\t\t\t\t\t\t<p>Visiting La Laguna is <b>traveling to the greatest splendor of Tenerife&#8217;s history.<\/b> The perfectly aligned cobbled streets served as a model for the urban design of colonial cities in America. La Laguna has maintained its original layout from the 15th century.<\/p>\n\t\t\t\t\t\t<\/div>\n\t\t\t\t<\/div>\n\t\t\t\t<div class=\"elementor-element elementor-element-977f5b8 elementor-widget elementor-widget-text-editor\" data-id=\"977f5b8\" data-element_type=\"widget\" data-widget_type=\"text-editor.default\">\n\t\t\t\t<div class=\"elementor-widget-container\">\n\t\t\t\t\t\t\t<p>In 1927, the first university in the Canary Islands opened in La Laguna. Since then, the <b>university and youth atmosphere of La Laguna<\/b> has been the main hallmark of the city.<\/p>\n\t\t\t\t\t\t<\/div>\n\t\t\t\t<\/div>\n\t\t\t\t<div class=\"elementor-element elementor-element-d6289fc elementor-widget-divider--view-line elementor-widget elementor-widget-divider\" data-id=\"d6289fc\" data-element_type=\"widget\" data-widget_type=\"divider.default\">\n\t\t\t\t<div class=\"elementor-widget-container\">\n\t\t\t\t\t<div class=\"elementor-divider\">\n\t\t\t<span class=\"elementor-divider-separator\">\n\t\t\t\t\t\t<\/span>\n\t\t<\/div>\n\t\t\t\t<\/div>\n\t\t\t\t<\/div>\n\t\t\t\t<div class=\"elementor-element elementor-element-04df4e2 elementor-widget elementor-widget-text-editor\" data-id=\"04df4e2\" data-element_type=\"widget\" data-widget_type=\"text-editor.default\">\n\t\t\t\t<div class=\"elementor-widget-container\">\n\t\t\t\t\t\t\t<p><b>Streets that we recommend where to walk around La Laguna<\/b><\/p>\n\t\t\t\t\t\t<\/div>\n\t\t\t\t<\/div>\n\t\t\t\t<div class=\"elementor-element elementor-element-a627938 elementor-icon-list--layout-traditional elementor-list-item-link-full_width elementor-widget elementor-widget-icon-list\" data-id=\"a627938\" data-element_type=\"widget\" data-widget_type=\"icon-list.default\">\n\t\t\t\t<div class=\"elementor-widget-container\">\n\t\t\t\t\t<ul class=\"elementor-icon-list-items\">\n\t\t\t\t\t\t\t<li class=\"elementor-icon-list-item\">\n\t\t\t\t\t\t\t\t\t\t\t<span class=\"elementor-icon-list-icon\">\n\t\t\t\t\t\t\t<i aria-hidden=\"true\" class=\"fas fa-map-marker-alt\"><\/i>\t\t\t\t\t\t<\/span>\n\t\t\t\t\t\t\t\t\t\t<span class=\"elementor-icon-list-text\">Calle San Agust\u00edn.<\/span>\n\t\t\t\t\t\t\t\t\t<\/li>\n\t\t\t\t\t\t\t\t<li class=\"elementor-icon-list-item\">\n\t\t\t\t\t\t\t\t\t\t\t<span class=\"elementor-icon-list-icon\">\n\t\t\t\t\t\t\t<i aria-hidden=\"true\" class=\"fas fa-map-marker-alt\"><\/i>\t\t\t\t\t\t<\/span>\n\t\t\t\t\t\t\t\t\t\t<span class=\"elementor-icon-list-text\">Calle Herradores<\/span>\n\t\t\t\t\t\t\t\t\t<\/li>\n\t\t\t\t\t\t\t\t<li class=\"elementor-icon-list-item\">\n\t\t\t\t\t\t\t\t\t\t\t<span class=\"elementor-icon-list-icon\">\n\t\t\t\t\t\t\t<i aria-hidden=\"true\" class=\"fas fa-map-marker-alt\"><\/i>\t\t\t\t\t\t<\/span>\n\t\t\t\t\t\t\t\t\t\t<span class=\"elementor-icon-list-text\">Calle Obispo Rey Redondo (antigua Calle La Carrera)<\/span>\n\t\t\t\t\t\t\t\t\t<\/li>\n\t\t\t\t\t\t<\/ul>\n\t\t\t\t<\/div>\n\t\t\t\t<\/div>\n\t\t\t\t<div class=\"elementor-element elementor-element-94fbe2a elementor-widget-divider--view-line elementor-widget elementor-widget-divider\" data-id=\"94fbe2a\" data-element_type=\"widget\" data-widget_type=\"divider.default\">\n\t\t\t\t<div class=\"elementor-widget-container\">\n\t\t\t\t\t<div class=\"elementor-divider\">\n\t\t\t<span class=\"elementor-divider-separator\">\n\t\t\t\t\t\t<\/span>\n\t\t<\/div>\n\t\t\t\t<\/div>\n\t\t\t\t<\/div>\n\t\t\t\t<div class=\"elementor-element elementor-element-13ecf65 elementor-widget elementor-widget-text-editor\" data-id=\"13ecf65\" data-element_type=\"widget\" data-widget_type=\"text-editor.default\">\n\t\t\t\t<div class=\"elementor-widget-container\">\n\t\t\t\t\t\t\t<h3>Anaga<\/h3>\n\t\t\t\t\t\t<\/div>\n\t\t\t\t<\/div>\n\t\t\t\t<div class=\"elementor-element elementor-element-40c984f elementor-widget elementor-widget-text-editor\" data-id=\"40c984f\" data-element_type=\"widget\" data-widget_type=\"text-editor.default\">\n\t\t\t\t<div class=\"elementor-widget-container\">\n\t\t\t\t\t\t\t<p>We advise you to start by stopping at all the viewpoints, starting at the <b>Mirador de Jardina<\/b> up to the <b>Mirador Bailadero. <\/b><\/p>\n\t\t\t\t\t\t<\/div>\n\t\t\t\t<\/div>\n\t\t\t\t<div class=\"elementor-element elementor-element-7d20e61 elementor-widget elementor-widget-text-editor\" data-id=\"7d20e61\" data-element_type=\"widget\" data-widget_type=\"text-editor.default\">\n\t\t\t\t<div class=\"elementor-widget-container\">\n\t\t\t\t\t\t\t<p><b>The Anaga Rural Park<\/b> is one of the areas of <b>greatest ecological value in Tenerife<\/b> due to its special geological configuration and the <b>great natural biodiversity<\/b> it houses, reasons why it is also a <b>Biosphere Reserve.<\/b><\/p>\n\t\t\t\t\t\t<\/div>\n\t\t\t\t<\/div>\n\t\t\t\t<div class=\"elementor-element elementor-element-6e24d7c elementor-widget elementor-widget-image\" data-id=\"6e24d7c\" data-element_type=\"widget\" data-widget_type=\"image.default\">\n\t\t\t\t<div class=\"elementor-widget-container\">\n\t\t\t\t\t\t\t\t\t\t\t\t\t\t\t<img decoding=\"async\" loading=\"lazy\" width=\"800\" height=\"533\" src=\"https:\/\/wellhomestenerife.com\/wp-content\/uploads\/2022\/07\/Anaga-Tenerife-1024x682.jpg\" class=\"attachment-large size-large wp-image-5000\" alt=\"Anaga, Tenerife\" srcset=\"https:\/\/wellhomestenerife.com\/wp-content\/uploads\/2022\/07\/Anaga-Tenerife-1024x682.jpg 1024w, https:\/\/wellhomestenerife.com\/wp-content\/uploads\/2022\/07\/Anaga-Tenerife-300x200.jpg 300w, https:\/\/wellhomestenerife.com\/wp-content\/uploads\/2022\/07\/Anaga-Tenerife-768x512.jpg 768w, https:\/\/wellhomestenerife.com\/wp-content\/uploads\/2022\/07\/Anaga-Tenerife-600x400.jpg 600w, https:\/\/wellhomestenerife.com\/wp-content\/uploads\/2022\/07\/Anaga-Tenerife.jpg 1031w\" sizes=\"(max-width: 800px) 100vw, 800px\" title=\"\">\t\t\t\t\t\t\t\t\t\t\t\t\t\t\t<\/div>\n\t\t\t\t<\/div>\n\t\t\t\t<div class=\"elementor-element elementor-element-c72838f elementor-widget elementor-widget-text-editor\" data-id=\"c72838f\" data-element_type=\"widget\" data-widget_type=\"text-editor.default\">\n\t\t\t\t<div class=\"elementor-widget-container\">\n\t\t\t\t\t\t\t<p>Once you&#8217;ve visited all the viewpoints, we recommend you do the <b>Enchanted Forest trail.<\/b> It is perhaps one of the most famous and beautiful routes in all of Tenerife, however you need a permit to access the <b>El Pijaral Integral Nature Reserve<\/b>. You have to process the permit <a href=\"https:\/\/centralreservas.tenerife.es\/activity\/1\" target=\"_blank\" rel=\"noopener\">on this website<\/a>, we also recommend doing it well in advance . This path is between 6-7 km and takes about 2h 30 minutes \u2013 3h.<\/p>\n\t\t\t\t\t\t<\/div>\n\t\t\t\t<\/div>\n\t\t\t\t<div class=\"elementor-element elementor-element-8522e8d elementor-widget elementor-widget-text-editor\" data-id=\"8522e8d\" data-element_type=\"widget\" data-widget_type=\"text-editor.default\">\n\t\t\t\t<div class=\"elementor-widget-container\">\n\t\t\t\t\t\t\t<h4>Sendero de los Sentidos<\/h4>\n\t\t\t\t\t\t<\/div>\n\t\t\t\t<\/div>\n\t\t\t\t<div class=\"elementor-element elementor-element-32caef0 elementor-widget elementor-widget-text-editor\" data-id=\"32caef0\" data-element_type=\"widget\" data-widget_type=\"text-editor.default\">\n\t\t\t\t<div class=\"elementor-widget-container\">\n\t\t\t\t\t\t\t<p>As an alternative, you have the &#8220;Sendero de los Sentidos&#8221;, path of the senses, which begins in Cruz del Carmen. There are 3 well-known routes that run along an old royal route that linked the towns of Anaga with the City of La Laguna. All propose different experiences through smell, sight and touch with which to discover different elements of the environment.<\/p>\n\t\t\t\t\t\t<\/div>\n\t\t\t\t<\/div>\n\t\t\t\t<div class=\"elementor-element elementor-element-2f8e889 elementor-widget elementor-widget-text-editor\" data-id=\"2f8e889\" data-element_type=\"widget\" data-widget_type=\"text-editor.default\">\n\t\t\t\t<div class=\"elementor-widget-container\">\n\t\t\t\t\t\t\t<h4>Beach Playa de Benijo<\/h4>\n\t\t\t\t\t\t<\/div>\n\t\t\t\t<\/div>\n\t\t\t\t<div class=\"elementor-element elementor-element-fafde17 elementor-widget elementor-widget-text-editor\" data-id=\"fafde17\" data-element_type=\"widget\" data-widget_type=\"text-editor.default\">\n\t\t\t\t<div class=\"elementor-widget-container\">\n\t\t\t\t\t\t\t<p>One of the <b>most impressive beaches<\/b> on the island is Playa de Benijo, so we recommend you visit it.<\/p>\n<p>The landscape that you will be able to admire is incredible, it is a <b>wild beach in its purest form<\/b> where you will be able to disconnect from day to day and make time almost stop.<\/p>\n<p>Access is through a path that starts next to the road and a restaurant called El Mirador.<\/p>\n<p>In terms of bathing in the sea, it is advisable not to go too far. It is a beach where if the state of the sea is bad, it can be dangerous due to its drag and currents. If you see big waves extreme caution.<\/p>\n\t\t\t\t\t\t<\/div>\n\t\t\t\t<\/div>\n\t\t\t\t<div class=\"elementor-element elementor-element-f52a434 elementor-widget elementor-widget-image\" data-id=\"f52a434\" data-element_type=\"widget\" data-widget_type=\"image.default\">\n\t\t\t\t<div class=\"elementor-widget-container\">\n\t\t\t\t\t\t\t\t\t\t\t\t\t\t\t<img decoding=\"async\" loading=\"lazy\" width=\"800\" height=\"534\" src=\"https:\/\/wellhomestenerife.com\/wp-content\/uploads\/2022\/07\/Benijo-1024x683.jpg\" class=\"attachment-large size-large wp-image-5002\" alt=\"Benijo\" srcset=\"https:\/\/wellhomestenerife.com\/wp-content\/uploads\/2022\/07\/Benijo-1024x683.jpg 1024w, https:\/\/wellhomestenerife.com\/wp-content\/uploads\/2022\/07\/Benijo-300x200.jpg 300w, https:\/\/wellhomestenerife.com\/wp-content\/uploads\/2022\/07\/Benijo-768x512.jpg 768w, https:\/\/wellhomestenerife.com\/wp-content\/uploads\/2022\/07\/Benijo-600x400.jpg 600w, https:\/\/wellhomestenerife.com\/wp-content\/uploads\/2022\/07\/Benijo.jpg 1042w\" sizes=\"(max-width: 800px) 100vw, 800px\" title=\"\">\t\t\t\t\t\t\t\t\t\t\t\t\t\t\t<\/div>\n\t\t\t\t<\/div>\n\t\t\t\t<div class=\"elementor-element elementor-element-bdce292 elementor-widget elementor-widget-spacer\" data-id=\"bdce292\" data-element_type=\"widget\" data-widget_type=\"spacer.default\">\n\t\t\t\t<div class=\"elementor-widget-container\">\n\t\t\t\t\t<div class=\"elementor-spacer\">\n\t\t\t<div class=\"elementor-spacer-inner\"><\/div>\n\t\t<\/div>\n\t\t\t\t<\/div>\n\t\t\t\t<\/div>\n\t\t\t\t<div class=\"elementor-element elementor-element-fe540e6 elementor-widget-divider--view-line elementor-widget elementor-widget-divider\" data-id=\"fe540e6\" data-element_type=\"widget\" data-widget_type=\"divider.default\">\n\t\t\t\t<div class=\"elementor-widget-container\">\n\t\t\t\t\t<div class=\"elementor-divider\">\n\t\t\t<span class=\"elementor-divider-separator\">\n\t\t\t\t\t\t<\/span>\n\t\t<\/div>\n\t\t\t\t<\/div>\n\t\t\t\t<\/div>\n\t\t\t\t<div class=\"elementor-element elementor-element-b897fea elementor-widget elementor-widget-text-editor\" data-id=\"b897fea\" data-element_type=\"widget\" data-widget_type=\"text-editor.default\">\n\t\t\t\t<div class=\"elementor-widget-container\">\n\t\t\t\t\t\t\t<h5><b>Where to eat in Anaga<\/b><\/h5>\n\t\t\t\t\t\t<\/div>\n\t\t\t\t<\/div>\n\t\t\t\t<div class=\"elementor-element elementor-element-4d9f568 elementor-icon-list--layout-traditional elementor-list-item-link-full_width elementor-widget elementor-widget-icon-list\" data-id=\"4d9f568\" data-element_type=\"widget\" data-widget_type=\"icon-list.default\">\n\t\t\t\t<div class=\"elementor-widget-container\">\n\t\t\t\t\t<ul class=\"elementor-icon-list-items\">\n\t\t\t\t\t\t\t<li class=\"elementor-icon-list-item\">\n\t\t\t\t\t\t\t\t\t\t\t<a href=\"https:\/\/www.google.com\/search?q=restaurante%20roque%20de%20las%20bodegas%20tenerife&#038;rlz=1C1GIVA_enES881ES881&#038;oq=restaurante+roque+de+las+bodegas&#038;aqs=chrome.0.0i512j69i57j0i22i30l2.8344j0j4&#038;sourceid=chrome&#038;ie=UTF-8&#038;tbs=lf:1,lf_ui:9&#038;tbm=lcl&#038;sxsrf=ALiCzsb2_ri4H5VOfrYEce2Lt0ScK1Gojg:1655743568650&#038;rflfq=1&#038;num=10&#038;rldimm=16754880399594600682&#038;lqi=CilyZXN0YXVyYW50ZSByb3F1ZSBkZSBsYXMgYm9kZWdhcyB0ZW5lcmlmZUjK2_P2jYGAgAhaOxAAGAAYARgEGAUiKXJlc3RhdXJhbnRlIHJvcXVlIGRlIGxhcyBib2RlZ2FzIHRlbmVyaWZlKgQIAxAAkgEKcmVzdGF1cmFudKoBExABKg8iC3Jlc3RhdXJhbnRlKA4&#038;phdesc=lEPAr-MMkLE&#038;ved=2ahUKEwjdiP65vbz4AhVKhc4BHSZiAiMQvS56BAgFEAE&#038;sa=X&#038;rlst=f#\" target=\"_blank\" rel=\"noopener\">\n\n\t\t\t\t\t\t\t\t\t\t\t\t<span class=\"elementor-icon-list-icon\">\n\t\t\t\t\t\t\t<i aria-hidden=\"true\" class=\"fas fa-utensils\"><\/i>\t\t\t\t\t\t<\/span>\n\t\t\t\t\t\t\t\t\t\t<span class=\"elementor-icon-list-text\">Restaurante Los Roques casa Pepe<\/span>\n\t\t\t\t\t\t\t\t\t\t\t<\/a>\n\t\t\t\t\t\t\t\t\t<\/li>\n\t\t\t\t\t\t\t\t<li class=\"elementor-icon-list-item\">\n\t\t\t\t\t\t\t\t\t\t\t<a href=\"https:\/\/www.google.com\/search?q=restaurante%20roque%20de%20las%20bodegas%20tenerife&#038;rlz=1C1GIVA_enES881ES881&#038;oq=restaurante+roque+de+las+bodegas&#038;aqs=chrome.0.0i512j69i57j0i22i30l2.8344j0j4&#038;sourceid=chrome&#038;ie=UTF-8&#038;tbs=lf:1,lf_ui:9&#038;tbm=lcl&#038;sxsrf=ALiCzsb2_ri4H5VOfrYEce2Lt0ScK1Gojg:1655743568650&#038;rflfq=1&#038;num=10&#038;rldimm=16754880399594600682&#038;lqi=CilyZXN0YXVyYW50ZSByb3F1ZSBkZSBsYXMgYm9kZWdhcyB0ZW5lcmlmZUjK2_P2jYGAgAhaOxAAGAAYARgEGAUiKXJlc3RhdXJhbnRlIHJvcXVlIGRlIGxhcyBib2RlZ2FzIHRlbmVyaWZlKgQIAxAAkgEKcmVzdGF1cmFudKoBExABKg8iC3Jlc3RhdXJhbnRlKA4&#038;phdesc=lEPAr-MMkLE&#038;ved=2ahUKEwjdiP65vbz4AhVKhc4BHSZiAiMQvS56BAgFEAE&#038;sa=X&#038;rlst=f#\" target=\"_blank\" rel=\"noopener\">\n\n\t\t\t\t\t\t\t\t\t\t\t\t<span class=\"elementor-icon-list-icon\">\n\t\t\t\t\t\t\t<i aria-hidden=\"true\" class=\"fas fa-utensils\"><\/i>\t\t\t\t\t\t<\/span>\n\t\t\t\t\t\t\t\t\t\t<span class=\"elementor-icon-list-text\">Restaurante Playa Casa \u00c1frica<\/span>\n\t\t\t\t\t\t\t\t\t\t\t<\/a>\n\t\t\t\t\t\t\t\t\t<\/li>\n\t\t\t\t\t\t\t\t<li class=\"elementor-icon-list-item\">\n\t\t\t\t\t\t\t\t\t\t\t<a href=\"https:\/\/www.google.com\/search?q=restaurante%20roque%20de%20las%20bodegas%20tenerife&#038;rlz=1C1GIVA_enES881ES881&#038;oq=restaurante+roque+de+las+bodegas&#038;aqs=chrome.0.0i512j69i57j0i22i30l2.8344j0j4&#038;sourceid=chrome&#038;ie=UTF-8&#038;tbs=lf:1,lf_ui:9&#038;tbm=lcl&#038;sxsrf=ALiCzsb2_ri4H5VOfrYEce2Lt0ScK1Gojg:1655743568650&#038;rflfq=1&#038;num=10&#038;rldimm=16754880399594600682&#038;lqi=CilyZXN0YXVyYW50ZSByb3F1ZSBkZSBsYXMgYm9kZWdhcyB0ZW5lcmlmZUjK2_P2jYGAgAhaOxAAGAAYARgEGAUiKXJlc3RhdXJhbnRlIHJvcXVlIGRlIGxhcyBib2RlZ2FzIHRlbmVyaWZlKgQIAxAAkgEKcmVzdGF1cmFudKoBExABKg8iC3Jlc3RhdXJhbnRlKA4&#038;phdesc=lEPAr-MMkLE&#038;ved=2ahUKEwjdiP65vbz4AhVKhc4BHSZiAiMQvS56BAgFEAE&#038;sa=X&#038;rlst=f#\" target=\"_blank\" rel=\"noopener\">\n\n\t\t\t\t\t\t\t\t\t\t\t\t<span class=\"elementor-icon-list-icon\">\n\t\t\t\t\t\t\t<i aria-hidden=\"true\" class=\"fas fa-utensils\"><\/i>\t\t\t\t\t\t<\/span>\n\t\t\t\t\t\t\t\t\t\t<span class=\"elementor-icon-list-text\">Restaurante La Ola<\/span>\n\t\t\t\t\t\t\t\t\t\t\t<\/a>\n\t\t\t\t\t\t\t\t\t<\/li>\n\t\t\t\t\t\t<\/ul>\n\t\t\t\t<\/div>\n\t\t\t\t<\/div>\n\t\t\t\t<div class=\"elementor-element elementor-element-6542de0 elementor-widget-divider--view-line elementor-widget elementor-widget-divider\" data-id=\"6542de0\" data-element_type=\"widget\" data-widget_type=\"divider.default\">\n\t\t\t\t<div class=\"elementor-widget-container\">\n\t\t\t\t\t<div class=\"elementor-divider\">\n\t\t\t<span class=\"elementor-divider-separator\">\n\t\t\t\t\t\t<\/span>\n\t\t<\/div>\n\t\t\t\t<\/div>\n\t\t\t\t<\/div>\n\t\t\t\t<div class=\"elementor-element elementor-element-70c2927 elementor-widget elementor-widget-text-editor\" data-id=\"70c2927\" data-element_type=\"widget\" data-widget_type=\"text-editor.default\">\n\t\t\t\t<div class=\"elementor-widget-container\">\n\t\t\t\t\t\t\t<h2>Santa Cruz de Tenerife<\/h2>\n\t\t\t\t\t\t<\/div>\n\t\t\t\t<\/div>\n\t\t\t\t<div class=\"elementor-element elementor-element-cb365da elementor-widget elementor-widget-text-editor\" data-id=\"cb365da\" data-element_type=\"widget\" data-widget_type=\"text-editor.default\">\n\t\t\t\t<div class=\"elementor-widget-container\">\n\t\t\t\t\t\t\t<p><b>Santa Cruz de Tenerife has been the capital of the island since 1883<\/b>. It is a city that has managed to <b>perfectly combine <\/b>modernity with tradition, and nature with urbanism.<\/p>\n<p>Most of the municipality is established on the coastal surface, since it has 58 kilometers of coastline, of the 111 kilometers that the municipality occupies; so it is not surprising that Santa Cruz de Tenerife is home to several of the most popular beaches on the island, as well as magnificent port facilities.<\/p>\n<p>The most popular coastal areas are:<b> Playa de las Teresitas, Anaga Beach and the C\u00e9sar Manrique Maritime Park.<\/b><\/p>\n\t\t\t\t\t\t<\/div>\n\t\t\t\t<\/div>\n\t\t\t\t<div class=\"elementor-element elementor-element-15b409e elementor-widget elementor-widget-image\" data-id=\"15b409e\" data-element_type=\"widget\" data-widget_type=\"image.default\">\n\t\t\t\t<div class=\"elementor-widget-container\">\n\t\t\t\t\t\t\t\t\t\t\t\t\t\t\t<img decoding=\"async\" loading=\"lazy\" width=\"800\" height=\"534\" src=\"https:\/\/wellhomestenerife.com\/wp-content\/uploads\/2022\/07\/auditorium-by-santiago-calatrava-in-santa-cruz-de-tenerife-spain-1024x683.jpg\" class=\"attachment-large size-large wp-image-5004\" alt=\"Auditorio de Tenerife\" srcset=\"https:\/\/wellhomestenerife.com\/wp-content\/uploads\/2022\/07\/auditorium-by-santiago-calatrava-in-santa-cruz-de-tenerife-spain-1024x683.jpg 1024w, https:\/\/wellhomestenerife.com\/wp-content\/uploads\/2022\/07\/auditorium-by-santiago-calatrava-in-santa-cruz-de-tenerife-spain-300x200.jpg 300w, https:\/\/wellhomestenerife.com\/wp-content\/uploads\/2022\/07\/auditorium-by-santiago-calatrava-in-santa-cruz-de-tenerife-spain-768x512.jpg 768w, https:\/\/wellhomestenerife.com\/wp-content\/uploads\/2022\/07\/auditorium-by-santiago-calatrava-in-santa-cruz-de-tenerife-spain-600x400.jpg 600w, https:\/\/wellhomestenerife.com\/wp-content\/uploads\/2022\/07\/auditorium-by-santiago-calatrava-in-santa-cruz-de-tenerife-spain.jpg 1047w\" sizes=\"(max-width: 800px) 100vw, 800px\" title=\"\">\t\t\t\t\t\t\t\t\t\t\t\t\t\t\t<\/div>\n\t\t\t\t<\/div>\n\t\t\t\t\t<\/div>\n\t\t<\/div>\n\t\t\t\t<div class=\"elementor-column elementor-col-50 elementor-top-column elementor-element elementor-element-fab16c0\" data-id=\"fab16c0\" data-element_type=\"column\" data-settings=\"{&quot;background_background&quot;:&quot;classic&quot;}\">\n\t\t\t<div class=\"elementor-widget-wrap\">\n\t\t\t\t\t\t\t\t\t<\/div>\n\t\t<\/div>\n\t\t\t\t\t\t\t<\/div>\n\t\t<\/section>\n\t\t\t\t<section class=\"elementor-section elementor-top-section elementor-element elementor-element-4e23e70 elementor-section-boxed elementor-section-height-default elementor-section-height-default\" data-id=\"4e23e70\" data-element_type=\"section\">\n\t\t\t\t\t\t<div class=\"elementor-container elementor-column-gap-default\">\n\t\t\t\t\t<div class=\"elementor-column elementor-col-100 elementor-top-column elementor-element elementor-element-961f4e3\" data-id=\"961f4e3\" data-element_type=\"column\">\n\t\t\t<div class=\"elementor-widget-wrap elementor-element-populated\">\n\t\t\t\t\t\t\t\t<div class=\"elementor-element elementor-element-eb7c806 elementor-widget elementor-widget-text-editor\" data-id=\"eb7c806\" data-element_type=\"widget\" data-widget_type=\"text-editor.default\">\n\t\t\t\t<div class=\"elementor-widget-container\">\n\t\t\t\t\t\t\t<h2>Best place to stay in Tenerife<\/h2>\t\t\t\t\t\t<\/div>\n\t\t\t\t<\/div>\n\t\t\t\t<div class=\"elementor-element elementor-element-b185579 elementor-widget elementor-widget-text-editor\" data-id=\"b185579\" data-element_type=\"widget\" data-widget_type=\"text-editor.default\">\n\t\t\t\t<div class=\"elementor-widget-container\">\n\t\t\t\t\t\t\t<p>For those looking to explore all corners of the island in just 4 days, choosing the right accommodation is crucial.<\/p><p>We recommend<strong> staying in a central location<\/strong> that provides easy access to both the north and south of Tenerife.<\/p><p>In this regard, there&#8217;s no better option than<a href=\"https:\/\/wellhomestenerife.com\/alojamientos-en-tenerife\/caserio-el-boqueron\/\"> Caser\u00edo el Boquer\u00f3n<\/a>. This charming rural accommodation offers a strategic and magical location to enjoy the island to the fullest. With its cozy atmosphere and connection to nature, it provides the perfect opportunity to relax and recharge after each day of exploration.<\/p><p>Discover the authentic essence of Tenerife by staying at Caser\u00edo el Boquer\u00f3n!<\/p>\t\t\t\t\t\t<\/div>\n\t\t\t\t<\/div>\n\t\t\t\t<div class=\"elementor-element elementor-element-54073f2 elementor-widget elementor-widget-image\" data-id=\"54073f2\" data-element_type=\"widget\" data-widget_type=\"image.default\">\n\t\t\t\t<div class=\"elementor-widget-container\">\n\t\t\t\t\t\t\t\t\t\t\t\t\t\t\t\t<a href=\"https:\/\/wellhomestenerife.com\/alojamientos-en-tenerife\/caserio-el-boqueron\/\">\n\t\t\t\t\t\t\t<img decoding=\"async\" loading=\"lazy\" width=\"800\" height=\"400\" src=\"https:\/\/wellhomestenerife.com\/wp-content\/uploads\/2023\/06\/Banner-wellhomes-publi-1024x512.webp\" class=\"attachment-large size-large wp-image-9231\" alt=\"Stay at Rural House in Tenerife\" srcset=\"https:\/\/wellhomestenerife.com\/wp-content\/uploads\/2023\/06\/Banner-wellhomes-publi-1024x512.webp 1024w, https:\/\/wellhomestenerife.com\/wp-content\/uploads\/2023\/06\/Banner-wellhomes-publi-300x150.webp 300w, https:\/\/wellhomestenerife.com\/wp-content\/uploads\/2023\/06\/Banner-wellhomes-publi-768x384.webp 768w, https:\/\/wellhomestenerife.com\/wp-content\/uploads\/2023\/06\/Banner-wellhomes-publi-1536x768.webp 1536w, https:\/\/wellhomestenerife.com\/wp-content\/uploads\/2023\/06\/Banner-wellhomes-publi-2048x1024.webp 2048w, https:\/\/wellhomestenerife.com\/wp-content\/uploads\/2023\/06\/Banner-wellhomes-publi-600x300.webp 600w\" sizes=\"(max-width: 800px) 100vw, 800px\" title=\"\">\t\t\t\t\t\t\t\t<\/a>\n\t\t\t\t\t\t\t\t\t\t\t\t\t\t\t<\/div>\n\t\t\t\t<\/div>\n\t\t\t\t\t<\/div>\n\t\t<\/div>\n\t\t\t\t\t\t\t<\/div>\n\t\t<\/section>\n\t\t\t\t<section class=\"elementor-section elementor-top-section elementor-element elementor-element-c647d2f elementor-section-boxed elementor-section-height-default elementor-section-height-default\" data-id=\"c647d2f\" data-element_type=\"section\">\n\t\t\t\t\t\t<div class=\"elementor-container elementor-column-gap-default\">\n\t\t\t\t\t<div class=\"elementor-column elementor-col-100 elementor-top-column elementor-element elementor-element-ed67ab4\" data-id=\"ed67ab4\" data-element_type=\"column\">\n\t\t\t<div class=\"elementor-widget-wrap\">\n\t\t\t\t\t\t\t\t\t<\/div>\n\t\t<\/div>\n\t\t\t\t\t\t\t<\/div>\n\t\t<\/section>\n\t\t\t\t<section class=\"elementor-section elementor-top-section elementor-element elementor-element-a2bac01 elementor-section-boxed elementor-section-height-default elementor-section-height-default\" data-id=\"a2bac01\" data-element_type=\"section\">\n\t\t\t\t\t\t<div class=\"elementor-container elementor-column-gap-default\">\n\t\t\t\t\t<div class=\"elementor-column elementor-col-100 elementor-top-column elementor-element elementor-element-a8dbb74\" data-id=\"a8dbb74\" data-element_type=\"column\">\n\t\t\t<div class=\"elementor-widget-wrap elementor-element-populated\">\n\t\t\t\t\t\t\t\t<div class=\"elementor-element elementor-element-1b4c822 elementor-widget elementor-widget-spacer\" data-id=\"1b4c822\" data-element_type=\"widget\" data-widget_type=\"spacer.default\">\n\t\t\t\t<div class=\"elementor-widget-container\">\n\t\t\t\t\t<div class=\"elementor-spacer\">\n\t\t\t<div class=\"elementor-spacer-inner\"><\/div>\n\t\t<\/div>\n\t\t\t\t<\/div>\n\t\t\t\t<\/div>\n\t\t\t\t<div class=\"elementor-element elementor-element-df87e4d elementor-widget elementor-widget-text-editor\" data-id=\"df87e4d\" data-element_type=\"widget\" data-widget_type=\"text-editor.default\">\n\t\t\t\t<div class=\"elementor-widget-container\">\n\t\t\t\t\t\t\t<p>Did you like this article? Share to your friends<\/p>\t\t\t\t\t\t<\/div>\n\t\t\t\t<\/div>\n\t\t\t\t<div class=\"elementor-element elementor-element-d5d02a2 elementor-share-buttons--align-center elementor-share-buttons--color-custom elementor-share-buttons--view-icon-text elementor-share-buttons--skin-gradient elementor-share-buttons--shape-square elementor-grid-0 elementor-widget elementor-widget-share-buttons\" data-id=\"d5d02a2\" data-element_type=\"widget\" data-widget_type=\"share-buttons.default\">\n\t\t\t\t<div class=\"elementor-widget-container\">\n\t\t\t<link rel=\"stylesheet\" href=\"https:\/\/wellhomestenerife.com\/wp-content\/plugins\/elementor-pro\/assets\/css\/widget-share-buttons.min.css\">\t\t<div class=\"elementor-grid\">\n\t\t\t\t\t\t\t\t<div class=\"elementor-grid-item\">\n\t\t\t\t\t\t<div\n\t\t\t\t\t\t\tclass=\"elementor-share-btn elementor-share-btn_facebook\"\n\t\t\t\t\t\t\trole=\"button\"\n\t\t\t\t\t\t\ttabindex=\"0\"\n\t\t\t\t\t\t\taria-label=\"Share on facebook\"\n\t\t\t\t\t\t>\n\t\t\t\t\t\t\t\t\t\t\t\t\t\t\t<span class=\"elementor-share-btn__icon\">\n\t\t\t\t\t\t\t\t<i class=\"fab fa-facebook\" aria-hidden=\"true\"><\/i>\t\t\t\t\t\t\t<\/span>\n\t\t\t\t\t\t\t\t\t\t\t\t\t\t\t\t\t\t\t\t\t\t<div class=\"elementor-share-btn__text\">\n\t\t\t\t\t\t\t\t\t\t\t\t\t\t\t\t\t\t\t<span class=\"elementor-share-btn__title\">\n\t\t\t\t\t\t\t\t\t\tFacebook\t\t\t\t\t\t\t\t\t<\/span>\n\t\t\t\t\t\t\t\t\t\t\t\t\t\t\t\t\t<\/div>\n\t\t\t\t\t\t\t\t\t\t\t\t\t<\/div>\n\t\t\t\t\t<\/div>\n\t\t\t\t\t\t\t\t\t<div class=\"elementor-grid-item\">\n\t\t\t\t\t\t<div\n\t\t\t\t\t\t\tclass=\"elementor-share-btn elementor-share-btn_twitter\"\n\t\t\t\t\t\t\trole=\"button\"\n\t\t\t\t\t\t\ttabindex=\"0\"\n\t\t\t\t\t\t\taria-label=\"Share on twitter\"\n\t\t\t\t\t\t>\n\t\t\t\t\t\t\t\t\t\t\t\t\t\t\t<span class=\"elementor-share-btn__icon\">\n\t\t\t\t\t\t\t\t<i class=\"fab fa-twitter\" aria-hidden=\"true\"><\/i>\t\t\t\t\t\t\t<\/span>\n\t\t\t\t\t\t\t\t\t\t\t\t\t\t\t\t\t\t\t\t\t\t<div class=\"elementor-share-btn__text\">\n\t\t\t\t\t\t\t\t\t\t\t\t\t\t\t\t\t\t\t<span class=\"elementor-share-btn__title\">\n\t\t\t\t\t\t\t\t\t\tTwitter\t\t\t\t\t\t\t\t\t<\/span>\n\t\t\t\t\t\t\t\t\t\t\t\t\t\t\t\t\t<\/div>\n\t\t\t\t\t\t\t\t\t\t\t\t\t<\/div>\n\t\t\t\t\t<\/div>\n\t\t\t\t\t\t\t\t\t<div class=\"elementor-grid-item\">\n\t\t\t\t\t\t<div\n\t\t\t\t\t\t\tclass=\"elementor-share-btn elementor-share-btn_whatsapp\"\n\t\t\t\t\t\t\trole=\"button\"\n\t\t\t\t\t\t\ttabindex=\"0\"\n\t\t\t\t\t\t\taria-label=\"Share on whatsapp\"\n\t\t\t\t\t\t>\n\t\t\t\t\t\t\t\t\t\t\t\t\t\t\t<span class=\"elementor-share-btn__icon\">\n\t\t\t\t\t\t\t\t<i class=\"fab fa-whatsapp\" aria-hidden=\"true\"><\/i>\t\t\t\t\t\t\t<\/span>\n\t\t\t\t\t\t\t\t\t\t\t\t\t\t\t\t\t\t\t\t\t\t<div class=\"elementor-share-btn__text\">\n\t\t\t\t\t\t\t\t\t\t\t\t\t\t\t\t\t\t\t<span class=\"elementor-share-btn__title\">\n\t\t\t\t\t\t\t\t\t\tWhatsApp\t\t\t\t\t\t\t\t\t<\/span>\n\t\t\t\t\t\t\t\t\t\t\t\t\t\t\t\t\t<\/div>\n\t\t\t\t\t\t\t\t\t\t\t\t\t<\/div>\n\t\t\t\t\t<\/div>\n\t\t\t\t\t\t<\/div>\n\t\t\t\t<\/div>\n\t\t\t\t<\/div>\n\t\t\t\t<div class=\"elementor-element elementor-element-b757d17 elementor-widget elementor-widget-spacer\" data-id=\"b757d17\" data-element_type=\"widget\" data-widget_type=\"spacer.default\">\n\t\t\t\t<div class=\"elementor-widget-container\">\n\t\t\t\t\t<div class=\"elementor-spacer\">\n\t\t\t<div class=\"elementor-spacer-inner\"><\/div>\n\t\t<\/div>\n\t\t\t\t<\/div>\n\t\t\t\t<\/div>\n\t\t\t\t\t<\/div>\n\t\t<\/div>\n\t\t\t\t\t\t\t<\/div>\n\t\t<\/section>\n\t\t\t\t\t\t\t<\/div>\n\t\t","protected":false},"excerpt":{"rendered":"<p>Are you traveling to Tenerife and want a complete 4-day plan? We have prepared this guide so that you can see the most important and authentic things on the island. Tenerife is the largest island in the Canary archipelago and the most populated in Spain. It has many interesting things to see beyond the beaches [&hellip;]<\/p>\n","protected":false},"author":1,"featured_media":5126,"comment_status":"open","ping_status":"open","sticky":false,"template":"","format":"standard","meta":{"_monsterinsights_skip_tracking":false,"footnotes":""},"categories":[103],"tags":[101,100],"_links":{"self":[{"href":"https:\/\/wellhomestenerife.com\/en\/wp-json\/wp\/v2\/posts\/5072"}],"collection":[{"href":"https:\/\/wellhomestenerife.com\/en\/wp-json\/wp\/v2\/posts"}],"about":[{"href":"https:\/\/wellhomestenerife.com\/en\/wp-json\/wp\/v2\/types\/post"}],"author":[{"embeddable":true,"href":"https:\/\/wellhomestenerife.com\/en\/wp-json\/wp\/v2\/users\/1"}],"replies":[{"embeddable":true,"href":"https:\/\/wellhomestenerife.com\/en\/wp-json\/wp\/v2\/comments?post=5072"}],"version-history":[{"count":18,"href":"https:\/\/wellhomestenerife.com\/en\/wp-json\/wp\/v2\/posts\/5072\/revisions"}],"predecessor-version":[{"id":10427,"href":"https:\/\/wellhomestenerife.com\/en\/wp-json\/wp\/v2\/posts\/5072\/revisions\/10427"}],"wp:featuredmedia":[{"embeddable":true,"href":"https:\/\/wellhomestenerife.com\/en\/wp-json\/wp\/v2\/media\/5126"}],"wp:attachment":[{"href":"https:\/\/wellhomestenerife.com\/en\/wp-json\/wp\/v2\/media?parent=5072"}],"wp:term":[{"taxonomy":"category","embeddable":true,"href":"https:\/\/wellhomestenerife.com\/en\/wp-json\/wp\/v2\/categories?post=5072"},{"taxonomy":"post_tag","embeddable":true,"href":"https:\/\/wellhomestenerife.com\/en\/wp-json\/wp\/v2\/tags?post=5072"}],"curies":[{"name":"wp","href":"https:\/\/api.w.org\/{rel}","templated":true}]}}